{"id":2507,"date":"2021-07-12T19:30:09","date_gmt":"2021-07-12T19:30:09","guid":{"rendered":"http:\/\/teatrela.escenaglobal.net\/?p=2507"},"modified":"2021-07-30T21:21:04","modified_gmt":"2021-07-30T21:21:04","slug":"acto-de-encendido-del-fuego-patrio","status":"publish","type":"post","link":"https:\/\/teatrela.escenaglobal.net\/index.php\/2021\/07\/12\/acto-de-encendido-del-fuego-patrio\/","title":{"rendered":"Acto de Encendido del Fuego Patrio"},"content":{"rendered":"\n<p>A pesar de las limitaciones presupuestarias que las circunstancias han impuesto sobre la Administraci\u00f3n P\u00fablica Nacional,  la Rep\u00fablica Bolivariana de Venezuela conmemor\u00f3 por todo lo alto el 211 Aniversario de la Proclamaci\u00f3n de la Independencia que aconteci\u00f3 el 19 de abril de 1810.<\/p>\n\n\n\n<p>A tal efecto, se llev\u00f3 a cabo una dramatizaci\u00f3n a cielo abierto en los espacios hist\u00f3ricos de la Plaza Bol\u00edvar de Caracas, mismo escenario donde 211 a\u00f1os atr\u00e1s el Capit\u00e1n General de Venezuela, Vicente Emparan, desde el balc\u00f3n del Ayuntamiento se dirigi\u00f3 a la multitud reunida en la entonces Plaza Mayor y les hizo la famosa pregunta de si deseaban que \u00e9l siguiese siendo su gobernador. El padre Jos\u00e9 Joaqu\u00edn Cort\u00e9s de Madariaga pas\u00f3 a la Historia en ese preciso instante, al haberse colocado detr\u00e1s del Capit\u00e1n General, haci\u00e9ndole una se\u00f1a al pueblo con su dedo en movimiento de negaci\u00f3n. La multitud al un\u00edsono grit\u00f3: \u00abNo, no lo queremos\u00bb, a lo cual Emparan contest\u00f3: \u00abSi no me quer\u00e9is, pues yo tampoco quiero mando\u00bb.<\/p>\n\n\n\n<p>Una an\u00e9cdota inmortal que marc\u00f3 el inicio del proceso independentista, no solo de la hasta entonces colonial Capitan\u00eda General de Venezuela, sino de toda la Am\u00e9rica del Sur; una saga extraordinaria que durar\u00eda 11 largos a\u00f1os hasta la gloriosa Batalla de Carabobo, el 24 de junio de 1821, que sell\u00f3 definitivamente la Independencia de Venezuela, y costar\u00eda las vidas de dos de cada tres de los habitantes que en aquel entonces poblaban estas tierras. Un sacrificio de honor y dignidad patriota que jam\u00e1s podr\u00e1 ser suficientemente conmemorado y agradecido por todos nosotros, sus hijos.<\/p>\n\n\n\n<p>Con majestuosas dramatizaciones, m\u00fasica y danza se escenific\u00f3 en horas de la noche del pasado 19 de abril de 2021 el llamado \u00abActo de Encendido del Fuego Patrio\u00bb, televisado en su totalidad por Venezolana de Televisi\u00f3n (VTV), de cuyo video presentamos a continuaci\u00f3n seis extractos en los que participa nuestro primer actor Ludwig Pineda, orgullo de Teatrela, junto a otros excelentes artistas.<\/p>\n\n\n\n<figure class=\"wp-block-embed aligncenter is-type-video is-provider-youtube wp-block-embed-youtube wp-embed-aspect-16-9 wp-has-aspect-ratio\"><div class=\"wp-block-embed__wrapper\">\n<div class=\"nv-iframe-embed\"><iframe loading=\"lazy\" title=\"Mon\u00f3logo Libertario Introductorio - Ludwig Pineda\" width=\"1200\" height=\"675\" src=\"https:\/\/www.youtube.com\/embed\/udD5FyecQ6k?feature=oembed\" frameborder=\"0\" allow=\"accelerometer; autoplay; clipboard-write; encrypted-media; gyroscope; picture-in-picture\" allowfullscreen><\/iframe><\/div>\n<\/div><figcaption><strong>Mon\u00f3logo Libertario Introductorio &#8211; Ludwig Pineda<\/strong><\/figcaption><\/figure>\n\n\n\n<div style=\"height:30px\" aria-hidden=\"true\" class=\"wp-block-spacer\"><\/div>\n\n\n\n<figure class=\"wp-block-embed aligncenter is-type-video is-provider-youtube wp-block-embed-youtube wp-embed-aspect-16-9 wp-has-aspect-ratio\"><div class=\"wp-block-embed__wrapper\">\n<div class=\"nv-iframe-embed\"><iframe loading=\"lazy\" title=\"Mon\u00f3logo Libertario - Ludwig Pineda\" width=\"1200\" height=\"675\" src=\"https:\/\/www.youtube.com\/embed\/u7OoHpPR76I?feature=oembed\" frameborder=\"0\" allow=\"accelerometer; autoplay; clipboard-write; encrypted-media; gyroscope; picture-in-picture\" allowfullscreen><\/iframe><\/div>\n<\/div><figcaption><strong>Mon\u00f3logo Libertario &#8211; Ludwig Pineda<\/strong><\/figcaption><\/figure>\n\n\n\n<div style=\"height:30px\" aria-hidden=\"true\" class=\"wp-block-spacer\"><\/div>\n\n\n\n<figure class=\"wp-block-embed aligncenter is-type-video is-provider-youtube wp-block-embed-youtube wp-embed-aspect-16-9 wp-has-aspect-ratio\"><div class=\"wp-block-embed__wrapper\">\n<div class=\"nv-iframe-embed\"><iframe loading=\"lazy\" title=\"Esp\u00edritu Libertario de Nuestras Ra\u00edces Ind\u00edgenas\" width=\"1200\" height=\"675\" src=\"https:\/\/www.youtube.com\/embed\/oasAR7Yu4Hg?feature=oembed\" frameborder=\"0\" allow=\"accelerometer; autoplay; clipboard-write; encrypted-media; gyroscope; picture-in-picture\" allowfullscreen><\/iframe><\/div>\n<\/div><figcaption><strong>Esp\u00edritu Libertario de Nuestras Ra\u00edces Ind\u00edgenas<\/strong><\/figcaption><\/figure>\n\n\n\n<div style=\"height:30px\" aria-hidden=\"true\" class=\"wp-block-spacer\"><\/div>\n\n\n\n<figure class=\"wp-block-embed aligncenter is-type-video is-provider-youtube wp-block-embed-youtube wp-embed-aspect-16-9 wp-has-aspect-ratio\"><div class=\"wp-block-embed__wrapper\">\n<div class=\"nv-iframe-embed\"><iframe loading=\"lazy\" title=\"Representaci\u00f3n del Rey Miguel - Miguel de Bur\u00eda\" width=\"1200\" height=\"675\" src=\"https:\/\/www.youtube.com\/embed\/6uKFux7NnKI?feature=oembed\" frameborder=\"0\" allow=\"accelerometer; autoplay; clipboard-write; encrypted-media; gyroscope; picture-in-picture\" allowfullscreen><\/iframe><\/div>\n<\/div><figcaption><strong>Representaci\u00f3n del Rey Miguel &#8211; Miguel de Bur\u00eda<\/strong><\/figcaption><\/figure>\n\n\n\n<p><\/p>\n\n\n\n<figure class=\"wp-block-embed aligncenter is-type-video is-provider-youtube wp-block-embed-youtube wp-embed-aspect-16-9 wp-has-aspect-ratio\"><div class=\"wp-block-embed__wrapper\">\n<div class=\"nv-iframe-embed\"><iframe loading=\"lazy\" title=\"Esp\u00edritu Libertario de Nuestros H\u00e9roes An\u00f3nimos\" width=\"1200\" height=\"675\" src=\"https:\/\/www.youtube.com\/embed\/uTtQoVjuW5o?feature=oembed\" frameborder=\"0\" allow=\"accelerometer; autoplay; clipboard-write; encrypted-media; gyroscope; picture-in-picture\" allowfullscreen><\/iframe><\/div>\n<\/div><figcaption><strong>Esp\u00edritu Libertario de Nuestros H\u00e9roes An\u00f3nimos<\/strong><\/figcaption><\/figure>\n\n\n\n<div style=\"height:30px\" aria-hidden=\"true\" class=\"wp-block-spacer\"><\/div>\n\n\n\n<figure class=\"wp-block-embed aligncenter is-type-video is-provider-youtube wp-block-embed-youtube wp-embed-aspect-16-9 wp-has-aspect-ratio\"><div class=\"wp-block-embed__wrapper\">\n<div class=\"nv-iframe-embed\"><iframe loading=\"lazy\" title=\"Encendido de la Antorcha Libertaria y Bolivariana - Representaciones de Miranda y Bol\u00edvar\" width=\"1200\" height=\"675\" src=\"https:\/\/www.youtube.com\/embed\/lX92Nv8Bj-U?feature=oembed\" frameborder=\"0\" allow=\"accelerometer; autoplay; clipboard-write; encrypted-media; gyroscope; picture-in-picture\" allowfullscreen><\/iframe><\/div>\n<\/div><figcaption><strong>Encendido de la Antorcha Libertaria y Bolivariana &#8211; Representaciones de Miranda y Bol\u00edvar<\/strong><\/figcaption><\/figure>\n\n\n\n<div style=\"height:30px\" aria-hidden=\"true\" class=\"wp-block-spacer\"><\/div>\n\n\n\n<figure class=\"wp-block-embed aligncenter is-type-video is-provider-youtube wp-block-embed-youtube wp-embed-aspect-4-3 wp-has-aspect-ratio\"><div class=\"wp-block-embed__wrapper\">\n<div class=\"nv-iframe-embed\"><iframe loading=\"lazy\" title=\"Encienden antorcha por Bicentenario de la Batalla de Carabobo: 19 de abril de 2021\" width=\"1200\" height=\"900\" src=\"https:\/\/www.youtube.com\/embed\/eID-byB_f7s?feature=oembed\" frameborder=\"0\" allow=\"accelerometer; autoplay; clipboard-write; encrypted-media; gyroscope; picture-in-picture\" allowfullscreen><\/iframe><\/div>\n<\/div><figcaption><strong>Transmisi\u00f3n completa &#8211; Venezolana de Televisi\u00f3n (VTV) &#8211; 19\/04\/2021<\/strong><\/figcaption><\/figure>\n\n\n\n<div style=\"height:30px\" aria-hidden=\"true\" class=\"wp-block-spacer\"><\/div>\n","protected":false},"excerpt":{"rendered":"<p>Con majestuosas dramatizaciones, m\u00fasica y danza se escenific\u00f3 en horas de la noche del pasado 19 de abril de 2021 el llamado \u00abActo de Encendido del Fuego Patrio\u00bb, televisado en su totalidad por Venezolana de Televisi\u00f3n (VTV), de cuyo video tomamos seis extractos en los que participa nuestro primer actor Ludwig Pineda, orgullo de Teatrela, junto a otros excelentes artistas.<\/p>\n","protected":false},"author":2,"featured_media":2514,"comment_status":"open","ping_status":"open","sticky":false,"template":"","format":"standard","meta":{"neve_meta_sidebar":"","neve_meta_container":"","neve_meta_enable_content_width":"","neve_meta_content_width":0,"neve_meta_title_alignment":"","neve_meta_author_avatar":"","neve_post_elements_order":"","neve_meta_disable_header":"","neve_meta_disable_footer":"","neve_meta_disable_title":""},"categories":[9],"tags":[40,11,10,42],"yoast_head":"<!-- This site is optimized with the Yoast SEO plugin v21.1 - https:\/\/yoast.com\/wordpress\/plugins\/seo\/ -->\n<title>Acto de Encendido del Fuego Patrio - Teatrela<\/title>\n<meta name=\"robots\" content=\"index, follow, max-snippet:-1, max-image-preview:large, max-video-preview:-1\" \/>\n<link rel=\"canonical\" href=\"https:\/\/teatrela.escenaglobal.net\/index.php\/2021\/07\/12\/acto-de-encendido-del-fuego-patrio\/\" \/>\n<meta property=\"og:locale\" content=\"es_ES\" \/>\n<meta property=\"og:type\" content=\"article\" \/>\n<meta property=\"og:title\" content=\"Acto de Encendido del Fuego Patrio - Teatrela\" \/>\n<meta property=\"og:description\" content=\"Con majestuosas dramatizaciones, m\u00fasica y danza se escenific\u00f3 en horas de la noche del pasado 19 de abril de 2021 el llamado &quot;Acto de Encendido del Fuego Patrio&quot;, televisado en su totalidad por Venezolana de Televisi\u00f3n (VTV), de cuyo video tomamos seis extractos en los que participa nuestro primer actor Ludwig Pineda, orgullo de Teatrela, junto a otros excelentes artistas.\" \/>\n<meta property=\"og:url\" content=\"https:\/\/teatrela.escenaglobal.net\/index.php\/2021\/07\/12\/acto-de-encendido-del-fuego-patrio\/\" \/>\n<meta property=\"og:site_name\" content=\"Teatrela\" \/>\n<meta property=\"article:published_time\" content=\"2021-07-12T19:30:09+00:00\" \/>\n<meta property=\"article:modified_time\" content=\"2021-07-30T21:21:04+00:00\" \/>\n<meta property=\"og:image\" content=\"https:\/\/teatrela.escenaglobal.net\/wp-content\/uploads\/2021\/07\/Frame-01083.jpg\" \/>\n\t<meta property=\"og:image:width\" content=\"964\" \/>\n\t<meta property=\"og:image:height\" content=\"551\" \/>\n\t<meta property=\"og:image:type\" content=\"image\/jpeg\" \/>\n<meta name=\"author\" content=\"Teatrela\" \/>\n<meta name=\"twitter:card\" content=\"summary_large_image\" \/>\n<meta name=\"twitter:label1\" content=\"Escrito por\" \/>\n\t<meta name=\"twitter:data1\" content=\"Teatrela\" \/>\n\t<meta name=\"twitter:label2\" content=\"Tiempo de lectura\" \/>\n\t<meta name=\"twitter:data2\" content=\"2 minutos\" \/>\n<script type=\"application\/ld+json\" class=\"yoast-schema-graph\">{\"@context\":\"https:\/\/schema.org\",\"@graph\":[{\"@type\":\"Article\",\"@id\":\"https:\/\/teatrela.escenaglobal.net\/index.php\/2021\/07\/12\/acto-de-encendido-del-fuego-patrio\/#article\",\"isPartOf\":{\"@id\":\"https:\/\/teatrela.escenaglobal.net\/index.php\/2021\/07\/12\/acto-de-encendido-del-fuego-patrio\/\"},\"author\":{\"name\":\"Teatrela\",\"@id\":\"https:\/\/teatrela.escenaglobal.net\/#\/schema\/person\/a4db300524a3221ff022492e2d8c96c5\"},\"headline\":\"Acto de Encendido del Fuego Patrio\",\"datePublished\":\"2021-07-12T19:30:09+00:00\",\"dateModified\":\"2021-07-30T21:21:04+00:00\",\"mainEntityOfPage\":{\"@id\":\"https:\/\/teatrela.escenaglobal.net\/index.php\/2021\/07\/12\/acto-de-encendido-del-fuego-patrio\/\"},\"wordCount\":454,\"commentCount\":0,\"publisher\":{\"@id\":\"https:\/\/teatrela.escenaglobal.net\/#organization\"},\"keywords\":[\"19 de abril\",\"Bicentenario\",\"Bol\u00edvar\",\"Ludwig Pineda\"],\"articleSection\":[\"Novedades\"],\"inLanguage\":\"es\",\"potentialAction\":[{\"@type\":\"CommentAction\",\"name\":\"Comment\",\"target\":[\"https:\/\/teatrela.escenaglobal.net\/index.php\/2021\/07\/12\/acto-de-encendido-del-fuego-patrio\/#respond\"]}]},{\"@type\":\"WebPage\",\"@id\":\"https:\/\/teatrela.escenaglobal.net\/index.php\/2021\/07\/12\/acto-de-encendido-del-fuego-patrio\/\",\"url\":\"https:\/\/teatrela.escenaglobal.net\/index.php\/2021\/07\/12\/acto-de-encendido-del-fuego-patrio\/\",\"name\":\"Acto de Encendido del Fuego Patrio - Teatrela\",\"isPartOf\":{\"@id\":\"https:\/\/teatrela.escenaglobal.net\/#website\"},\"datePublished\":\"2021-07-12T19:30:09+00:00\",\"dateModified\":\"2021-07-30T21:21:04+00:00\",\"breadcrumb\":{\"@id\":\"https:\/\/teatrela.escenaglobal.net\/index.php\/2021\/07\/12\/acto-de-encendido-del-fuego-patrio\/#breadcrumb\"},\"inLanguage\":\"es\",\"potentialAction\":[{\"@type\":\"ReadAction\",\"target\":[\"https:\/\/teatrela.escenaglobal.net\/index.php\/2021\/07\/12\/acto-de-encendido-del-fuego-patrio\/\"]}]},{\"@type\":\"BreadcrumbList\",\"@id\":\"https:\/\/teatrela.escenaglobal.net\/index.php\/2021\/07\/12\/acto-de-encendido-del-fuego-patrio\/#breadcrumb\",\"itemListElement\":[{\"@type\":\"ListItem\",\"position\":1,\"name\":\"Portada\",\"item\":\"https:\/\/teatrela.escenaglobal.net\/\"},{\"@type\":\"ListItem\",\"position\":2,\"name\":\"Acto de Encendido del Fuego Patrio\"}]},{\"@type\":\"WebSite\",\"@id\":\"https:\/\/teatrela.escenaglobal.net\/#website\",\"url\":\"https:\/\/teatrela.escenaglobal.net\/\",\"name\":\"Teatrela\",\"description\":\"Teatro de Repertorio Latinoamericano\",\"publisher\":{\"@id\":\"https:\/\/teatrela.escenaglobal.net\/#organization\"},\"potentialAction\":[{\"@type\":\"SearchAction\",\"target\":{\"@type\":\"EntryPoint\",\"urlTemplate\":\"https:\/\/teatrela.escenaglobal.net\/?s={search_term_string}\"},\"query-input\":\"required name=search_term_string\"}],\"inLanguage\":\"es\"},{\"@type\":\"Organization\",\"@id\":\"https:\/\/teatrela.escenaglobal.net\/#organization\",\"name\":\"Teatrela\",\"url\":\"https:\/\/teatrela.escenaglobal.net\/\",\"logo\":{\"@type\":\"ImageObject\",\"inLanguage\":\"es\",\"@id\":\"https:\/\/teatrela.escenaglobal.net\/#\/schema\/logo\/image\/\",\"url\":\"https:\/\/teatrela.escenaglobal.net\/wp-content\/uploads\/2021\/07\/Logotipo.png\",\"contentUrl\":\"https:\/\/teatrela.escenaglobal.net\/wp-content\/uploads\/2021\/07\/Logotipo.png\",\"width\":819,\"height\":522,\"caption\":\"Teatrela\"},\"image\":{\"@id\":\"https:\/\/teatrela.escenaglobal.net\/#\/schema\/logo\/image\/\"},\"sameAs\":[\"https:\/\/www.youtube.com\/channel\/UCGGovkqrAIJE67XurL9b2pw\"]},{\"@type\":\"Person\",\"@id\":\"https:\/\/teatrela.escenaglobal.net\/#\/schema\/person\/a4db300524a3221ff022492e2d8c96c5\",\"name\":\"Teatrela\",\"image\":{\"@type\":\"ImageObject\",\"inLanguage\":\"es\",\"@id\":\"https:\/\/teatrela.escenaglobal.net\/#\/schema\/person\/image\/\",\"url\":\"https:\/\/secure.gravatar.com\/avatar\/df67eda26b05da3fb251d9af0c621c83?s=96&d=mm&r=g\",\"contentUrl\":\"https:\/\/secure.gravatar.com\/avatar\/df67eda26b05da3fb251d9af0c621c83?s=96&d=mm&r=g\",\"caption\":\"Teatrela\"},\"sameAs\":[\"http:\/\/teatrela.escenaglobal.net\"]}]}<\/script>\n<!-- \/ Yoast SEO plugin. -->","yoast_head_json":{"title":"Acto de Encendido del Fuego Patrio - Teatrela","robots":{"index":"index","follow":"follow","max-snippet":"max-snippet:-1","max-image-preview":"max-image-preview:large","max-video-preview":"max-video-preview:-1"},"canonical":"https:\/\/teatrela.escenaglobal.net\/index.php\/2021\/07\/12\/acto-de-encendido-del-fuego-patrio\/","og_locale":"es_ES","og_type":"article","og_title":"Acto de Encendido del Fuego Patrio - Teatrela","og_description":"Con majestuosas dramatizaciones, m\u00fasica y danza se escenific\u00f3 en horas de la noche del pasado 19 de abril de 2021 el llamado \"Acto de Encendido del Fuego Patrio\", televisado en su totalidad por Venezolana de Televisi\u00f3n (VTV), de cuyo video tomamos seis extractos en los que participa nuestro primer actor Ludwig Pineda, orgullo de Teatrela, junto a otros excelentes artistas.","og_url":"https:\/\/teatrela.escenaglobal.net\/index.php\/2021\/07\/12\/acto-de-encendido-del-fuego-patrio\/","og_site_name":"Teatrela","article_published_time":"2021-07-12T19:30:09+00:00","article_modified_time":"2021-07-30T21:21:04+00:00","og_image":[{"width":964,"height":551,"url":"https:\/\/teatrela.escenaglobal.net\/wp-content\/uploads\/2021\/07\/Frame-01083.jpg","type":"image\/jpeg"}],"author":"Teatrela","twitter_card":"summary_large_image","twitter_misc":{"Escrito por":"Teatrela","Tiempo de lectura":"2 minutos"},"schema":{"@context":"https:\/\/schema.org","@graph":[{"@type":"Article","@id":"https:\/\/teatrela.escenaglobal.net\/index.php\/2021\/07\/12\/acto-de-encendido-del-fuego-patrio\/#article","isPartOf":{"@id":"https:\/\/teatrela.escenaglobal.net\/index.php\/2021\/07\/12\/acto-de-encendido-del-fuego-patrio\/"},"author":{"name":"Teatrela","@id":"https:\/\/teatrela.escenaglobal.net\/#\/schema\/person\/a4db300524a3221ff022492e2d8c96c5"},"headline":"Acto de Encendido del Fuego Patrio","datePublished":"2021-07-12T19:30:09+00:00","dateModified":"2021-07-30T21:21:04+00:00","mainEntityOfPage":{"@id":"https:\/\/teatrela.escenaglobal.net\/index.php\/2021\/07\/12\/acto-de-encendido-del-fuego-patrio\/"},"wordCount":454,"commentCount":0,"publisher":{"@id":"https:\/\/teatrela.escenaglobal.net\/#organization"},"keywords":["19 de abril","Bicentenario","Bol\u00edvar","Ludwig Pineda"],"articleSection":["Novedades"],"inLanguage":"es","potentialAction":[{"@type":"CommentAction","name":"Comment","target":["https:\/\/teatrela.escenaglobal.net\/index.php\/2021\/07\/12\/acto-de-encendido-del-fuego-patrio\/#respond"]}]},{"@type":"WebPage","@id":"https:\/\/teatrela.escenaglobal.net\/index.php\/2021\/07\/12\/acto-de-encendido-del-fuego-patrio\/","url":"https:\/\/teatrela.escenaglobal.net\/index.php\/2021\/07\/12\/acto-de-encendido-del-fuego-patrio\/","name":"Acto de Encendido del Fuego Patrio - Teatrela","isPartOf":{"@id":"https:\/\/teatrela.escenaglobal.net\/#website"},"datePublished":"2021-07-12T19:30:09+00:00","dateModified":"2021-07-30T21:21:04+00:00","breadcrumb":{"@id":"https:\/\/teatrela.escenaglobal.net\/index.php\/2021\/07\/12\/acto-de-encendido-del-fuego-patrio\/#breadcrumb"},"inLanguage":"es","potentialAction":[{"@type":"ReadAction","target":["https:\/\/teatrela.escenaglobal.net\/index.php\/2021\/07\/12\/acto-de-encendido-del-fuego-patrio\/"]}]},{"@type":"BreadcrumbList","@id":"https:\/\/teatrela.escenaglobal.net\/index.php\/2021\/07\/12\/acto-de-encendido-del-fuego-patrio\/#breadcrumb","itemListElement":[{"@type":"ListItem","position":1,"name":"Portada","item":"https:\/\/teatrela.escenaglobal.net\/"},{"@type":"ListItem","position":2,"name":"Acto de Encendido del Fuego Patrio"}]},{"@type":"WebSite","@id":"https:\/\/teatrela.escenaglobal.net\/#website","url":"https:\/\/teatrela.escenaglobal.net\/","name":"Teatrela","description":"Teatro de Repertorio Latinoamericano","publisher":{"@id":"https:\/\/teatrela.escenaglobal.net\/#organization"},"potentialAction":[{"@type":"SearchAction","target":{"@type":"EntryPoint","urlTemplate":"https:\/\/teatrela.escenaglobal.net\/?s={search_term_string}"},"query-input":"required name=search_term_string"}],"inLanguage":"es"},{"@type":"Organization","@id":"https:\/\/teatrela.escenaglobal.net\/#organization","name":"Teatrela","url":"https:\/\/teatrela.escenaglobal.net\/","logo":{"@type":"ImageObject","inLanguage":"es","@id":"https:\/\/teatrela.escenaglobal.net\/#\/schema\/logo\/image\/","url":"https:\/\/teatrela.escenaglobal.net\/wp-content\/uploads\/2021\/07\/Logotipo.png","contentUrl":"https:\/\/teatrela.escenaglobal.net\/wp-content\/uploads\/2021\/07\/Logotipo.png","width":819,"height":522,"caption":"Teatrela"},"image":{"@id":"https:\/\/teatrela.escenaglobal.net\/#\/schema\/logo\/image\/"},"sameAs":["https:\/\/www.youtube.com\/channel\/UCGGovkqrAIJE67XurL9b2pw"]},{"@type":"Person","@id":"https:\/\/teatrela.escenaglobal.net\/#\/schema\/person\/a4db300524a3221ff022492e2d8c96c5","name":"Teatrela","image":{"@type":"ImageObject","inLanguage":"es","@id":"https:\/\/teatrela.escenaglobal.net\/#\/schema\/person\/image\/","url":"https:\/\/secure.gravatar.com\/avatar\/df67eda26b05da3fb251d9af0c621c83?s=96&d=mm&r=g","contentUrl":"https:\/\/secure.gravatar.com\/avatar\/df67eda26b05da3fb251d9af0c621c83?s=96&d=mm&r=g","caption":"Teatrela"},"sameAs":["http:\/\/teatrela.escenaglobal.net"]}]}},"_links":{"self":[{"href":"https:\/\/teatrela.escenaglobal.net\/index.php\/wp-json\/wp\/v2\/posts\/2507"}],"collection":[{"href":"https:\/\/teatrela.escenaglobal.net\/index.php\/wp-json\/wp\/v2\/posts"}],"about":[{"href":"https:\/\/teatrela.escenaglobal.net\/index.php\/wp-json\/wp\/v2\/types\/post"}],"author":[{"embeddable":true,"href":"https:\/\/teatrela.escenaglobal.net\/index.php\/wp-json\/wp\/v2\/users\/2"}],"replies":[{"embeddable":true,"href":"https:\/\/teatrela.escenaglobal.net\/index.php\/wp-json\/wp\/v2\/comments?post=2507"}],"version-history":[{"count":14,"href":"https:\/\/teatrela.escenaglobal.net\/index.php\/wp-json\/wp\/v2\/posts\/2507\/revisions"}],"predecessor-version":[{"id":2718,"href":"https:\/\/teatrela.escenaglobal.net\/index.php\/wp-json\/wp\/v2\/posts\/2507\/revisions\/2718"}],"wp:featuredmedia":[{"embeddable":true,"href":"https:\/\/teatrela.escenaglobal.net\/index.php\/wp-json\/wp\/v2\/media\/2514"}],"wp:attachment":[{"href":"https:\/\/teatrela.escenaglobal.net\/index.php\/wp-json\/wp\/v2\/media?parent=2507"}],"wp:term":[{"taxonomy":"category","embeddable":true,"href":"https:\/\/teatrela.escenaglobal.net\/index.php\/wp-json\/wp\/v2\/categories?post=2507"},{"taxonomy":"post_tag","embeddable":true,"href":"https:\/\/teatrela.escenaglobal.net\/index.php\/wp-json\/wp\/v2\/tags?post=2507"}],"curies":[{"name":"wp","href":"https:\/\/api.w.org\/{rel}","templated":true}]}}