{"id":140633,"date":"2023-01-11T22:47:26","date_gmt":"2023-01-11T22:47:26","guid":{"rendered":"https:\/\/teatrela.escenaglobal.net\/?p=140633"},"modified":"2023-01-12T01:59:20","modified_gmt":"2023-01-12T01:59:20","slug":"la-misa-profana","status":"publish","type":"post","link":"https:\/\/teatrela.escenaglobal.net\/index.php\/2023\/01\/11\/la-misa-profana\/","title":{"rendered":"La Misa Profana"},"content":{"rendered":"\t\t<div data-elementor-type=\"wp-post\" data-elementor-id=\"140633\" class=\"elementor elementor-140633\">\n\t\t\t\t\t\t<div class=\"elementor-inner\">\n\t\t\t\t<div class=\"elementor-section-wrap\">\n\t\t\t\t\t\t\t\t\t<section class=\"elementor-section elementor-top-section elementor-element elementor-element-8d1cf1b elementor-section-boxed elementor-section-height-default elementor-section-height-default\" data-id=\"8d1cf1b\" data-element_type=\"section\">\n\t\t\t\t\t\t<div class=\"elementor-container elementor-column-gap-default\">\n\t\t\t\t\t\t\t<div class=\"elementor-row\">\n\t\t\t\t\t<div class=\"elementor-column elementor-col-100 elementor-top-column elementor-element elementor-element-887c3b3\" data-id=\"887c3b3\" data-element_type=\"column\">\n\t\t\t<div class=\"elementor-column-wrap elementor-element-populated\">\n\t\t\t\t\t\t\t<div class=\"elementor-widget-wrap\">\n\t\t\t\t\t\t<div class=\"elementor-element elementor-element-d45aefb elementor-widget elementor-widget-image\" data-id=\"d45aefb\" data-element_type=\"widget\" data-widget_type=\"image.default\">\n\t\t\t\t<div class=\"elementor-widget-container\">\n\t\t\t\t\t\t\t\t<div class=\"elementor-image\">\n\t\t\t\t\t\t\t\t\t\t\t\t<img decoding=\"async\" width=\"1200\" height=\"900\" src=\"https:\/\/teatrela.escenaglobal.net\/wp-content\/uploads\/2023\/01\/DSC00339.jpg\" class=\"attachment-full size-full wp-image-140624\" alt=\"\" loading=\"lazy\" srcset=\"https:\/\/teatrela.escenaglobal.net\/wp-content\/uploads\/2023\/01\/DSC00339.jpg 1200w, https:\/\/teatrela.escenaglobal.net\/wp-content\/uploads\/2023\/01\/DSC00339-300x225.jpg 300w, https:\/\/teatrela.escenaglobal.net\/wp-content\/uploads\/2023\/01\/DSC00339-1024x768.jpg 1024w, https:\/\/teatrela.escenaglobal.net\/wp-content\/uploads\/2023\/01\/DSC00339-768x576.jpg 768w\" sizes=\"(max-width: 1200px) 100vw, 1200px\" \/>\t\t\t\t\t\t\t\t\t\t\t\t\t\t<\/div>\n\t\t\t\t\t\t<\/div>\n\t\t\t\t<\/div>\n\t\t\t\t\t\t<\/div>\n\t\t\t\t\t<\/div>\n\t\t<\/div>\n\t\t\t\t\t\t\t\t<\/div>\n\t\t\t\t\t<\/div>\n\t\t<\/section>\n\t\t\t\t<section class=\"elementor-section elementor-top-section elementor-element elementor-element-2ced3ef2 elementor-section-boxed elementor-section-height-default elementor-section-height-default\" data-id=\"2ced3ef2\" data-element_type=\"section\">\n\t\t\t\t\t\t<div class=\"elementor-container elementor-column-gap-default\">\n\t\t\t\t\t\t\t<div class=\"elementor-row\">\n\t\t\t\t\t<div class=\"elementor-column elementor-col-100 elementor-top-column elementor-element elementor-element-6fb7dcf7\" data-id=\"6fb7dcf7\" data-element_type=\"column\">\n\t\t\t<div class=\"elementor-column-wrap elementor-element-populated\">\n\t\t\t\t\t\t\t<div class=\"elementor-widget-wrap\">\n\t\t\t\t\t\t<div class=\"elementor-element elementor-element-63e95e68 elementor-widget elementor-widget-heading\" data-id=\"63e95e68\" data-element_type=\"widget\" data-widget_type=\"heading.default\">\n\t\t\t\t<div class=\"elementor-widget-container\">\n\t\t\t<h1 class=\"elementor-heading-title elementor-size-default\">La Misa Profana<\/h1>\t\t<\/div>\n\t\t\t\t<\/div>\n\t\t\t\t<div class=\"elementor-element elementor-element-1add52d5 elementor-widget elementor-widget-text-editor\" data-id=\"1add52d5\" data-element_type=\"widget\" data-widget_type=\"text-editor.default\">\n\t\t\t\t<div class=\"elementor-widget-container\">\n\t\t\t\t\t\t\t\t<div class=\"elementor-text-editor elementor-clearfix\">\n\t\t\t\t<p>MONTAJE DE LA ESCUELA SUPERIOR DE ARTES ESC\u00c9NICAS JUANA SUJO EN COPRODUCCI\u00d3N CON TEATRELA<\/p>\t\t\t\t\t<\/div>\n\t\t\t\t\t\t<\/div>\n\t\t\t\t<\/div>\n\t\t\t\t<section class=\"elementor-section elementor-inner-section elementor-element elementor-element-60328141 elementor-section-height-min-height elementor-section-boxed elementor-section-height-default\" data-id=\"60328141\" data-element_type=\"section\">\n\t\t\t\t\t\t<div class=\"elementor-container elementor-column-gap-default\">\n\t\t\t\t\t\t\t<div class=\"elementor-row\">\n\t\t\t\t\t<div class=\"elementor-column elementor-col-100 elementor-inner-column elementor-element elementor-element-1073b041\" data-id=\"1073b041\" data-element_type=\"column\">\n\t\t\t<div class=\"elementor-column-wrap elementor-element-populated\">\n\t\t\t\t\t\t\t<div class=\"elementor-widget-wrap\">\n\t\t\t\t\t\t<div class=\"elementor-element elementor-element-411ef693 elementor-widget elementor-widget-text-editor\" data-id=\"411ef693\" data-element_type=\"widget\" data-widget_type=\"text-editor.default\">\n\t\t\t\t<div class=\"elementor-widget-container\">\n\t\t\t\t\t\t\t\t<div class=\"elementor-text-editor elementor-clearfix\">\n\t\t\t\t<p>\u00ab<em>La Misa Profana<\/em>\u00bb es la primera de las 25 obras escritas por el finado dramaturgo venezolano Andr\u00e9s Mart\u00ednez, quien en vida fuera director general de la Escuela Superior de Artes Esc\u00e9nicas Juana Sujo.<\/p><p>El texto, que naci\u00f3 desde un ejercicio en su proceso de formaci\u00f3n teatral, result\u00f3 ganadora del Primer Premio en el Concurso de Dramaturgia C\u00e9sar Rengifo en el a\u00f1o 1985, auspiciado por la Direcci\u00f3n de Cultura del Estado Aragua, y luego se estren\u00f3 en el VI Festival Nacional de Teatro, comprendido dentro de la programaci\u00f3n Bicentenario del Natalicio del Libertador, bajo la direcci\u00f3n de Armando Gotta y con un elenco conformado por destacadas figuras de la \u00e9poca.<\/p><p>El eje central de <em>La Misa Profana<\/em>, a decir de su autor, es la violencia en su sentido m\u00e1s amplio y presentada de manera cruda y descarnada.<\/p>\t\t\t\t\t<\/div>\n\t\t\t\t\t\t<\/div>\n\t\t\t\t<\/div>\n\t\t\t\t\t\t<\/div>\n\t\t\t\t\t<\/div>\n\t\t<\/div>\n\t\t\t\t\t\t\t\t<\/div>\n\t\t\t\t\t<\/div>\n\t\t<\/section>\n\t\t\t\t\t\t<\/div>\n\t\t\t\t\t<\/div>\n\t\t<\/div>\n\t\t\t\t\t\t\t\t<\/div>\n\t\t\t\t\t<\/div>\n\t\t<\/section>\n\t\t\t\t<section class=\"elementor-section elementor-top-section elementor-element elementor-element-7d45b7f2 elementor-section-boxed elementor-section-height-default elementor-section-height-default\" data-id=\"7d45b7f2\" data-element_type=\"section\">\n\t\t\t\t\t\t<div class=\"elementor-container elementor-column-gap-default\">\n\t\t\t\t\t\t\t<div class=\"elementor-row\">\n\t\t\t\t\t<div class=\"elementor-column elementor-col-50 elementor-top-column elementor-element elementor-element-60aa72ca\" data-id=\"60aa72ca\" data-element_type=\"column\">\n\t\t\t<div class=\"elementor-column-wrap elementor-element-populated\">\n\t\t\t\t\t\t\t<div class=\"elementor-widget-wrap\">\n\t\t\t\t\t\t<div class=\"elementor-element elementor-element-25fe5c1c elementor-widget elementor-widget-text-editor\" data-id=\"25fe5c1c\" data-element_type=\"widget\" data-widget_type=\"text-editor.default\">\n\t\t\t\t<div class=\"elementor-widget-container\">\n\t\t\t\t\t\t\t\t<div class=\"elementor-text-editor elementor-clearfix\">\n\t\t\t\t<p>Direcci\u00f3n<\/p>\t\t\t\t\t<\/div>\n\t\t\t\t\t\t<\/div>\n\t\t\t\t<\/div>\n\t\t\t\t<div class=\"elementor-element elementor-element-43c2070d elementor-widget-divider--view-line elementor-widget elementor-widget-divider\" data-id=\"43c2070d\" data-element_type=\"widget\" data-widget_type=\"divider.default\">\n\t\t\t\t<div class=\"elementor-widget-container\">\n\t\t\t\t\t<div class=\"elementor-divider\">\n\t\t\t<span class=\"elementor-divider-separator\">\n\t\t\t\t\t\t<\/span>\n\t\t<\/div>\n\t\t\t\t<\/div>\n\t\t\t\t<\/div>\n\t\t\t\t<div class=\"elementor-element elementor-element-3c7bcb6b elementor-widget elementor-widget-heading\" data-id=\"3c7bcb6b\" data-element_type=\"widget\" data-widget_type=\"heading.default\">\n\t\t\t\t<div class=\"elementor-widget-container\">\n\t\t\t<h4 class=\"elementor-heading-title elementor-size-default\">Costa Palamides<\/h4>\t\t<\/div>\n\t\t\t\t<\/div>\n\t\t\t\t<div class=\"elementor-element elementor-element-3f00b0e9 elementor-widget elementor-widget-spacer\" data-id=\"3f00b0e9\" data-element_type=\"widget\" data-widget_type=\"spacer.default\">\n\t\t\t\t<div class=\"elementor-widget-container\">\n\t\t\t\t\t<div class=\"elementor-spacer\">\n\t\t\t<div class=\"elementor-spacer-inner\"><\/div>\n\t\t<\/div>\n\t\t\t\t<\/div>\n\t\t\t\t<\/div>\n\t\t\t\t<div class=\"elementor-element elementor-element-479fa6da elementor-widget elementor-widget-text-editor\" data-id=\"479fa6da\" data-element_type=\"widget\" data-widget_type=\"text-editor.default\">\n\t\t\t\t<div class=\"elementor-widget-container\">\n\t\t\t\t\t\t\t\t<div class=\"elementor-text-editor elementor-clearfix\">\n\t\t\t\t<p>DRAMATURGIA<\/p>\t\t\t\t\t<\/div>\n\t\t\t\t\t\t<\/div>\n\t\t\t\t<\/div>\n\t\t\t\t<div class=\"elementor-element elementor-element-e3221ad elementor-widget-divider--view-line elementor-widget elementor-widget-divider\" data-id=\"e3221ad\" data-element_type=\"widget\" data-widget_type=\"divider.default\">\n\t\t\t\t<div class=\"elementor-widget-container\">\n\t\t\t\t\t<div class=\"elementor-divider\">\n\t\t\t<span class=\"elementor-divider-separator\">\n\t\t\t\t\t\t<\/span>\n\t\t<\/div>\n\t\t\t\t<\/div>\n\t\t\t\t<\/div>\n\t\t\t\t<div class=\"elementor-element elementor-element-22d93fe1 elementor-widget elementor-widget-heading\" data-id=\"22d93fe1\" data-element_type=\"widget\" data-widget_type=\"heading.default\">\n\t\t\t\t<div class=\"elementor-widget-container\">\n\t\t\t<h4 class=\"elementor-heading-title elementor-size-default\">ANDR\u00c9S MART\u00cdNEZ<\/h4>\t\t<\/div>\n\t\t\t\t<\/div>\n\t\t\t\t<div class=\"elementor-element elementor-element-d9a9cf2 elementor-widget elementor-widget-spacer\" data-id=\"d9a9cf2\" data-element_type=\"widget\" data-widget_type=\"spacer.default\">\n\t\t\t\t<div class=\"elementor-widget-container\">\n\t\t\t\t\t<div class=\"elementor-spacer\">\n\t\t\t<div class=\"elementor-spacer-inner\"><\/div>\n\t\t<\/div>\n\t\t\t\t<\/div>\n\t\t\t\t<\/div>\n\t\t\t\t<div class=\"elementor-element elementor-element-82aeb73 premium-blog-align-left elementor-widget elementor-widget-premium-addon-blog\" data-id=\"82aeb73\" data-element_type=\"widget\" data-widget_type=\"premium-addon-blog.default\">\n\t\t\t\t<div class=\"elementor-widget-container\">\n\t\t\t\r\n\t\t\t\t<div class=\"premium-blog-wrap  premium-blog-list\" data-page=\"140633\">\r\n\t\t\t\t\t<div class=\"premium-blog-post-outer-container\" data-total=\"1\">\n\t\t\t<div class=\"premium-blog-post-container premium-blog-skin-side\">\n\t\t\t\t\t\t\t\t\t<div class=\"premium-blog-thumb-effect-wrapper\">\n\t\t\t\t\t\t<div class=\"premium-blog-thumbnail-container premium-blog-zoomin-effect\">\n\t\t\t\t\t\t\t<img decoding=\"async\" width=\"900\" height=\"675\" src=\"https:\/\/teatrela.escenaglobal.net\/wp-content\/uploads\/2023\/01\/La-Misa-Profana-Destacada.jpg\" class=\"attachment-full size-full wp-image-140675\" alt=\"\" loading=\"lazy\" srcset=\"https:\/\/teatrela.escenaglobal.net\/wp-content\/uploads\/2023\/01\/La-Misa-Profana-Destacada.jpg 900w, https:\/\/teatrela.escenaglobal.net\/wp-content\/uploads\/2023\/01\/La-Misa-Profana-Destacada-300x225.jpg 300w, https:\/\/teatrela.escenaglobal.net\/wp-content\/uploads\/2023\/01\/La-Misa-Profana-Destacada-768x576.jpg 768w\" sizes=\"(max-width: 900px) 100vw, 900px\" \/>\t\t\t\t\t\t<\/div>\n\t\t\t\t\t\t\t\t\t\t\t\t\t<div class=\"premium-blog-thumbnail-overlay\">\n\t\t\t\t\t\t\t\t<a class=\"elementor-icon\" href=\"https:\/\/teatrela.escenaglobal.net\/index.php\/2023\/01\/11\/la-misa-profana-sinopsis-del-montaje\/\" target=\"_self\" aria-hidden=\"true\"><\/a>\n\t\t\t\t\t\t\t<\/div>\n\t\t\t\t\t\t\t\t\t\t\t<\/div>\n\t\t\t\t\t\t\t\t\t\t\t\t<div class=\"premium-blog-content-wrapper \">\n\n\t\t\t\t\t<div class=\"premium-blog-inner-container\">\n\n\t\t\t\t\t\t\t\t\t\t\t\t\t\t<h2 class=\"premium-blog-entry-title\">\n\t\t\t<a href=\"https:\/\/teatrela.escenaglobal.net\/index.php\/2023\/01\/11\/la-misa-profana-sinopsis-del-montaje\/\" target=\"_self\">\n\t\t\t\tLa Misa Profana (Sinopsis del Montaje)\t\t\t<\/a>\n\t\t<\/h2>\n\t\t\t\t<div class=\"premium-blog-entry-meta\">\n\t\t\t\t\t\t\t<div class=\"premium-blog-post-author premium-blog-meta-data\">\n\t\t\t\t\t<i class=\"fa fa-user fa-fw\" aria-hidden=\"true\"><\/i>\n\t\t\t\t\t<a href=\"https:\/\/teatrela.escenaglobal.net\/index.php\/author\/teatrela\/\" title=\"Entradas de Teatrela\" rel=\"author\">Teatrela<\/a>\t\t\t\t<\/div>\n\t\t\t\n\t\t\t\t\t\t\t<span class=\"premium-blog-meta-separator\">\u2022<\/span>\n\t\t\t\t<div class=\"premium-blog-post-time premium-blog-meta-data\">\n\t\t\t\t\t<i class=\"fa fa-clock-o\" aria-hidden=\"true\"><\/i>\n\t\t\t\t\t<span>11 de enero de 2023<\/span>\n\t\t\t\t<\/div>\n\t\t\t\n\t\t\t\n\t\t\t\t\t<\/div>\n\t\t\n\t\t\t\t\t<\/div>\n\n\t\t\t\t\t<p class=\"premium-blog-post-content\">Sinopsis descriptiva y ficha art\u00edstica de nuestro montaje \"La Misa Profana\".<\/p>\t\t\t\t\t\n\t\t\t\t<\/div>\n\t\t\t<\/div>\n\t\t<\/div>\n\n\t\t\t\t<\/div>\r\n\r\n\t\t\t\t<\/div>\n\t\t\t\t<\/div>\n\t\t\t\t<div class=\"elementor-element elementor-element-e67482f elementor-widget elementor-widget-wp-widget-a2a_share_save_widget\" data-id=\"e67482f\" data-element_type=\"widget\" data-widget_type=\"wp-widget-a2a_share_save_widget.default\">\n\t\t\t\t<div class=\"elementor-widget-container\">\n\t\t\t<div class=\"a2a_kit a2a_kit_size_32 addtoany_list\"><a class=\"a2a_button_facebook\" href=\"https:\/\/www.addtoany.com\/add_to\/facebook?linkurl=https%3A%2F%2Fteatrela.escenaglobal.net%2Findex.php%2Fwp-json%2Fwp%2Fv2%2Fposts%2F140633&amp;linkname=Teatrela\" title=\"Facebook\" rel=\"nofollow noopener\" target=\"_blank\"><\/a><a class=\"a2a_button_twitter\" href=\"https:\/\/www.addtoany.com\/add_to\/twitter?linkurl=https%3A%2F%2Fteatrela.escenaglobal.net%2Findex.php%2Fwp-json%2Fwp%2Fv2%2Fposts%2F140633&amp;linkname=Teatrela\" title=\"Twitter\" rel=\"nofollow noopener\" target=\"_blank\"><\/a><a class=\"a2a_button_whatsapp\" href=\"https:\/\/www.addtoany.com\/add_to\/whatsapp?linkurl=https%3A%2F%2Fteatrela.escenaglobal.net%2Findex.php%2Fwp-json%2Fwp%2Fv2%2Fposts%2F140633&amp;linkname=Teatrela\" title=\"WhatsApp\" rel=\"nofollow noopener\" target=\"_blank\"><\/a><a class=\"a2a_button_telegram\" href=\"https:\/\/www.addtoany.com\/add_to\/telegram?linkurl=https%3A%2F%2Fteatrela.escenaglobal.net%2Findex.php%2Fwp-json%2Fwp%2Fv2%2Fposts%2F140633&amp;linkname=Teatrela\" title=\"Telegram\" rel=\"nofollow noopener\" target=\"_blank\"><\/a><a class=\"a2a_dd addtoany_share_save addtoany_share\" href=\"https:\/\/www.addtoany.com\/share\"><\/a><\/div>\t\t<\/div>\n\t\t\t\t<\/div>\n\t\t\t\t\t\t<\/div>\n\t\t\t\t\t<\/div>\n\t\t<\/div>\n\t\t\t\t<div class=\"elementor-column elementor-col-50 elementor-top-column elementor-element elementor-element-4c9e97e2\" data-id=\"4c9e97e2\" data-element_type=\"column\">\n\t\t\t<div class=\"elementor-column-wrap elementor-element-populated\">\n\t\t\t\t\t\t\t<div class=\"elementor-widget-wrap\">\n\t\t\t\t\t\t<div class=\"elementor-element elementor-element-77fe1b45 elementor-widget elementor-widget-heading\" data-id=\"77fe1b45\" data-element_type=\"widget\" data-widget_type=\"heading.default\">\n\t\t\t\t<div class=\"elementor-widget-container\">\n\t\t\t<h3 class=\"elementor-heading-title elementor-size-default\">La Obra<\/h3>\t\t<\/div>\n\t\t\t\t<\/div>\n\t\t\t\t<div class=\"elementor-element elementor-element-2bbf4ef4 elementor-widget elementor-widget-text-editor\" data-id=\"2bbf4ef4\" data-element_type=\"widget\" data-widget_type=\"text-editor.default\">\n\t\t\t\t<div class=\"elementor-widget-container\">\n\t\t\t\t\t\t\t\t<div class=\"elementor-text-editor elementor-clearfix\">\n\t\t\t\t<p>La historia gira en torno a unos j\u00f3venes que llevan a un ni\u00f1o que acaba de morir a una iglesia para que le hagan una misa de cuerpo presente antes de enterrarlo. Al llegar al templo, un monaguillo de oscuro historial se niega a atenderlos. Intentan conversar directamente con el sacerdote y este, influenciado por el monaguillo, se niega a hacer la misa.<\/p><p>Los j\u00f3venes, que de alguna manera representan a todos los estratos sociales, deciden oficiar ellos mismos la misa, dentro de la iglesia, e invitan para que asista toda la comunidad.<\/p><p>El dramaturgo advierte que dentro de esta obra no se cuestiona directamente a la Iglesia, sino a la violencia. Por el contrario, los s\u00edmbolos religiosos son tratados con mucho respeto en todo momento. La obra no ofende a nadie. Es una cr\u00edtica a la violencia de modo general.<\/p><p>Para la \u00e9poca en que fue estrenada la pieza, el montaje origin\u00f3 diversas pol\u00e9micas por el planteamiento esc\u00e9nico, pues nunca antes en la escena nacional, se tocaba la met\u00e1fora de la violencia en el pa\u00eds.<\/p>\t\t\t\t\t<\/div>\n\t\t\t\t\t\t<\/div>\n\t\t\t\t<\/div>\n\t\t\t\t<div class=\"elementor-element elementor-element-8767b08 elementor-widget elementor-widget-heading\" data-id=\"8767b08\" data-element_type=\"widget\" data-widget_type=\"heading.default\">\n\t\t\t\t<div class=\"elementor-widget-container\">\n\t\t\t<h3 class=\"elementor-heading-title elementor-size-default\">Palabras del Director<\/h3>\t\t<\/div>\n\t\t\t\t<\/div>\n\t\t\t\t<div class=\"elementor-element elementor-element-4e949f5 elementor-widget elementor-widget-vapfem_audio_player\" data-id=\"4e949f5\" data-element_type=\"widget\" data-widget_type=\"vapfem_audio_player.default\">\n\t\t\t\t<div class=\"elementor-widget-container\">\n\t\t\t        <audio\r\n            class=\"vapfem_player vapfem_audio\" \r\n            data-settings='{\"muted\":\"false\",\"seek_time\":10,\"tooltips_seek\":\"true\",\"invertTime\":\"true\",\"speed_selected\":\"1\",\"controls\":[\"play\",\"progress\",\"mute\",\"volume\",\"settings\"],\"debug_mode\":\"false\"}' \r\n                         \r\n            preload=\"upload\"\r\n        >\r\n            <source\r\n                src=\"http:\/\/teatrela.escenaglobal.net\/wp-content\/uploads\/2023\/01\/Palabras-del-Director.mp3\"\r\n                type=\"audio\/mp3\"\r\n            \/>\r\n        <\/audio>\r\n        \t\t<\/div>\n\t\t\t\t<\/div>\n\t\t\t\t<div class=\"elementor-element elementor-element-4b7ecb1e elementor-widget elementor-widget-heading\" data-id=\"4b7ecb1e\" data-element_type=\"widget\" data-widget_type=\"heading.default\">\n\t\t\t\t<div class=\"elementor-widget-container\">\n\t\t\t<h3 class=\"elementor-heading-title elementor-size-default\">Presentaciones<\/h3>\t\t<\/div>\n\t\t\t\t<\/div>\n\t\t\t\t<section class=\"elementor-section elementor-inner-section elementor-element elementor-element-67d0fa5e elementor-section-boxed elementor-section-height-default elementor-section-height-default\" data-id=\"67d0fa5e\" data-element_type=\"section\">\n\t\t\t\t\t\t<div class=\"elementor-container elementor-column-gap-default\">\n\t\t\t\t\t\t\t<div class=\"elementor-row\">\n\t\t\t\t\t<div class=\"elementor-column elementor-col-50 elementor-inner-column elementor-element elementor-element-37886220\" data-id=\"37886220\" data-element_type=\"column\">\n\t\t\t<div class=\"elementor-column-wrap elementor-element-populated\">\n\t\t\t\t\t\t\t<div class=\"elementor-widget-wrap\">\n\t\t\t\t\t\t<div class=\"elementor-element elementor-element-4b9f9c93 elementor-widget elementor-widget-heading\" data-id=\"4b9f9c93\" data-element_type=\"widget\" data-widget_type=\"heading.default\">\n\t\t\t\t<div class=\"elementor-widget-container\">\n\t\t\t<h5 class=\"elementor-heading-title elementor-size-default\">2018<\/h5>\t\t<\/div>\n\t\t\t\t<\/div>\n\t\t\t\t\t\t<\/div>\n\t\t\t\t\t<\/div>\n\t\t<\/div>\n\t\t\t\t<div class=\"elementor-column elementor-col-50 elementor-inner-column elementor-element elementor-element-1fd03174\" data-id=\"1fd03174\" data-element_type=\"column\">\n\t\t\t<div class=\"elementor-column-wrap elementor-element-populated\">\n\t\t\t\t\t\t\t<div class=\"elementor-widget-wrap\">\n\t\t\t\t\t\t<div class=\"elementor-element elementor-element-f791f7c elementor-widget elementor-widget-text-editor\" data-id=\"f791f7c\" data-element_type=\"widget\" data-widget_type=\"text-editor.default\">\n\t\t\t\t<div class=\"elementor-widget-container\">\n\t\t\t\t\t\t\t\t<div class=\"elementor-text-editor elementor-clearfix\">\n\t\t\t\t<p>Caracas, Fundaci\u00f3n CELARG<\/p>\t\t\t\t\t<\/div>\n\t\t\t\t\t\t<\/div>\n\t\t\t\t<\/div>\n\t\t\t\t<div class=\"elementor-element elementor-element-4dafdddc elementor-icon-list--layout-traditional elementor-list-item-link-full_width elementor-widget elementor-widget-icon-list\" data-id=\"4dafdddc\" data-element_type=\"widget\" data-widget_type=\"icon-list.default\">\n\t\t\t\t<div class=\"elementor-widget-container\">\n\t\t\t\t\t<ul class=\"elementor-icon-list-items\">\n\t\t\t\t\t\t\t<li class=\"elementor-icon-list-item\">\n\t\t\t\t\t\t\t\t\t\t\t<a href=\"https:\/\/www.eluniversal.com\/entretenimiento\/26585\/la-misa-profana-de-andres-martinez-en-la-sala-1-del-celarg\">\n\n\t\t\t\t\t\t\t\t\t\t\t\t<span class=\"elementor-icon-list-icon\">\n\t\t\t\t\t\t\t\t\t\t\t\t\t<\/span>\n\t\t\t\t\t\t\t\t\t\t<span class=\"elementor-icon-list-text\">- Rese\u00f1a Diario El Universal<\/span>\n\t\t\t\t\t\t\t\t\t\t\t<\/a>\n\t\t\t\t\t\t\t\t\t<\/li>\n\t\t\t\t\t\t\t\t<li class=\"elementor-icon-list-item\">\n\t\t\t\t\t\t\t\t\t\t\t<a href=\"http:\/\/www.correodelorinoco.gob.ve\/una-misa-profana-sera-el-acto-central-para-celebrar-los-70-anos-de-la-escuela-juana-sujo\/\">\n\n\t\t\t\t\t\t\t\t\t\t\t\t<span class=\"elementor-icon-list-icon\">\n\t\t\t\t\t\t\t\t\t\t\t\t\t<\/span>\n\t\t\t\t\t\t\t\t\t\t<span class=\"elementor-icon-list-text\">- Rese\u00f1a Diario Correo del Orinoco<\/span>\n\t\t\t\t\t\t\t\t\t\t\t<\/a>\n\t\t\t\t\t\t\t\t\t<\/li>\n\t\t\t\t\t\t<\/ul>\n\t\t\t\t<\/div>\n\t\t\t\t<\/div>\n\t\t\t\t\t\t<\/div>\n\t\t\t\t\t<\/div>\n\t\t<\/div>\n\t\t\t\t\t\t\t\t<\/div>\n\t\t\t\t\t<\/div>\n\t\t<\/section>\n\t\t\t\t<div class=\"elementor-element elementor-element-dfa9888 elementor-widget-divider--view-line elementor-widget elementor-widget-divider\" data-id=\"dfa9888\" data-element_type=\"widget\" data-widget_type=\"divider.default\">\n\t\t\t\t<div class=\"elementor-widget-container\">\n\t\t\t\t\t<div class=\"elementor-divider\">\n\t\t\t<span class=\"elementor-divider-separator\">\n\t\t\t\t\t\t<\/span>\n\t\t<\/div>\n\t\t\t\t<\/div>\n\t\t\t\t<\/div>\n\t\t\t\t\t\t<\/div>\n\t\t\t\t\t<\/div>\n\t\t<\/div>\n\t\t\t\t\t\t\t\t<\/div>\n\t\t\t\t\t<\/div>\n\t\t<\/section>\n\t\t\t\t<section class=\"elementor-section elementor-top-section elementor-element elementor-element-694f4e9 elementor-section-boxed elementor-section-height-default elementor-section-height-default\" data-id=\"694f4e9\" data-element_type=\"section\">\n\t\t\t\t\t\t<div class=\"elementor-container elementor-column-gap-default\">\n\t\t\t\t\t\t\t<div class=\"elementor-row\">\n\t\t\t\t\t<div class=\"elementor-column elementor-col-100 elementor-top-column elementor-element elementor-element-ef08916\" data-id=\"ef08916\" data-element_type=\"column\">\n\t\t\t<div class=\"elementor-column-wrap elementor-element-populated\">\n\t\t\t\t\t\t\t<div class=\"elementor-widget-wrap\">\n\t\t\t\t\t\t<div class=\"elementor-element elementor-element-669aa65 elementor-widget elementor-widget-menu-anchor\" data-id=\"669aa65\" data-element_type=\"widget\" data-widget_type=\"menu-anchor.default\">\n\t\t\t\t<div class=\"elementor-widget-container\">\n\t\t\t\t\t<div id=\"InicioGaleria\" class=\"elementor-menu-anchor\"><\/div>\n\t\t\t\t<\/div>\n\t\t\t\t<\/div>\n\t\t\t\t<div class=\"elementor-element elementor-element-f6ded50 elementor-widget elementor-widget-heading\" data-id=\"f6ded50\" data-element_type=\"widget\" data-widget_type=\"heading.default\">\n\t\t\t\t<div class=\"elementor-widget-container\">\n\t\t\t<h3 class=\"elementor-heading-title elementor-size-default\">Galer\u00eda<\/h3>\t\t<\/div>\n\t\t\t\t<\/div>\n\t\t\t\t\t\t<\/div>\n\t\t\t\t\t<\/div>\n\t\t<\/div>\n\t\t\t\t\t\t\t\t<\/div>\n\t\t\t\t\t<\/div>\n\t\t<\/section>\n\t\t\t\t<section class=\"elementor-section elementor-top-section elementor-element elementor-element-26c74fd4 elementor-section-boxed elementor-section-height-default elementor-section-height-default\" data-id=\"26c74fd4\" data-element_type=\"section\">\n\t\t\t\t\t\t<div class=\"elementor-container elementor-column-gap-default\">\n\t\t\t\t\t\t\t<div class=\"elementor-row\">\n\t\t\t\t\t<div class=\"elementor-column elementor-col-100 elementor-top-column elementor-element elementor-element-705f8740\" data-id=\"705f8740\" data-element_type=\"column\">\n\t\t\t<div class=\"elementor-column-wrap elementor-element-populated\">\n\t\t\t\t\t\t\t<div class=\"elementor-widget-wrap\">\n\t\t\t\t\t\t<div class=\"elementor-element elementor-element-57e302c elementor-widget elementor-widget-premium-img-gallery\" data-id=\"57e302c\" data-element_type=\"widget\" data-settings=\"{&quot;premium_gallery_img_content&quot;:[{&quot;premium_gallery_img_category&quot;:&quot;Fundaci\\u00f3n CELARG&quot;,&quot;_id&quot;:&quot;0d0a394&quot;,&quot;premium_gallery_img&quot;:{&quot;url&quot;:&quot;http:\\\/\\\/teatrela.escenaglobal.net\\\/wp-content\\\/uploads\\\/2023\\\/01\\\/PHOTO-2021-08-06-15-54-01.jpg&quot;,&quot;id&quot;:140625,&quot;alt&quot;:&quot;&quot;,&quot;source&quot;:&quot;library&quot;},&quot;premium_gallery_image_cell&quot;:{&quot;unit&quot;:&quot;px&quot;,&quot;size&quot;:4,&quot;sizes&quot;:[]},&quot;premium_gallery_image_cell_tablet&quot;:{&quot;unit&quot;:&quot;px&quot;,&quot;size&quot;:&quot;&quot;,&quot;sizes&quot;:[]},&quot;premium_gallery_image_cell_mobile&quot;:{&quot;unit&quot;:&quot;px&quot;,&quot;size&quot;:&quot;&quot;,&quot;sizes&quot;:[]},&quot;premium_gallery_image_vcell&quot;:{&quot;unit&quot;:&quot;px&quot;,&quot;size&quot;:4,&quot;sizes&quot;:[]},&quot;premium_gallery_image_vcell_tablet&quot;:{&quot;unit&quot;:&quot;px&quot;,&quot;size&quot;:&quot;&quot;,&quot;sizes&quot;:[]},&quot;premium_gallery_image_vcell_mobile&quot;:{&quot;unit&quot;:&quot;px&quot;,&quot;size&quot;:&quot;&quot;,&quot;sizes&quot;:[]},&quot;premium_gallery_video&quot;:&quot;&quot;,&quot;premium_gallery_video_type&quot;:null,&quot;premium_gallery_video_url&quot;:null,&quot;premium_gallery_video_self&quot;:null,&quot;premium_gallery_video_self_url&quot;:null,&quot;premium_gallery_video_controls&quot;:null,&quot;premium_gallery_video_mute&quot;:null,&quot;premium_gallery_video_loop&quot;:null,&quot;download_button&quot;:null,&quot;privacy_mode&quot;:null,&quot;premmium_gallery_img_info&quot;:&quot;&quot;,&quot;premium_gallery_img_name&quot;:&quot;&quot;,&quot;premium_gallery_img_desc&quot;:&quot;&quot;,&quot;premium_gallery_img_link_type&quot;:&quot;url&quot;,&quot;premium_gallery_img_link&quot;:{&quot;url&quot;:&quot;&quot;,&quot;is_external&quot;:&quot;&quot;,&quot;nofollow&quot;:&quot;&quot;,&quot;custom_attributes&quot;:&quot;&quot;},&quot;premium_gallery_img_existing&quot;:null,&quot;premium_gallery_link_whole&quot;:&quot;&quot;,&quot;premium_gallery_lightbox_whole&quot;:&quot;&quot;},{&quot;premium_gallery_img_category&quot;:&quot;Fundaci\\u00f3n CELARG&quot;,&quot;premium_gallery_img&quot;:{&quot;url&quot;:&quot;http:\\\/\\\/teatrela.escenaglobal.net\\\/wp-content\\\/uploads\\\/2023\\\/01\\\/DSC00339.jpg&quot;,&quot;id&quot;:140624,&quot;alt&quot;:&quot;&quot;,&quot;source&quot;:&quot;library&quot;},&quot;_id&quot;:&quot;553c6e2&quot;,&quot;premium_gallery_image_cell&quot;:{&quot;unit&quot;:&quot;px&quot;,&quot;size&quot;:4,&quot;sizes&quot;:[]},&quot;premium_gallery_image_cell_tablet&quot;:{&quot;unit&quot;:&quot;px&quot;,&quot;size&quot;:&quot;&quot;,&quot;sizes&quot;:[]},&quot;premium_gallery_image_cell_mobile&quot;:{&quot;unit&quot;:&quot;px&quot;,&quot;size&quot;:&quot;&quot;,&quot;sizes&quot;:[]},&quot;premium_gallery_image_vcell&quot;:{&quot;unit&quot;:&quot;px&quot;,&quot;size&quot;:4,&quot;sizes&quot;:[]},&quot;premium_gallery_image_vcell_tablet&quot;:{&quot;unit&quot;:&quot;px&quot;,&quot;size&quot;:&quot;&quot;,&quot;sizes&quot;:[]},&quot;premium_gallery_image_vcell_mobile&quot;:{&quot;unit&quot;:&quot;px&quot;,&quot;size&quot;:&quot;&quot;,&quot;sizes&quot;:[]},&quot;premium_gallery_video&quot;:&quot;&quot;,&quot;premium_gallery_video_type&quot;:null,&quot;premium_gallery_video_url&quot;:null,&quot;premium_gallery_video_self&quot;:null,&quot;premium_gallery_video_self_url&quot;:null,&quot;premium_gallery_video_controls&quot;:null,&quot;premium_gallery_video_mute&quot;:null,&quot;premium_gallery_video_loop&quot;:null,&quot;download_button&quot;:null,&quot;privacy_mode&quot;:null,&quot;premmium_gallery_img_info&quot;:&quot;&quot;,&quot;premium_gallery_img_name&quot;:&quot;&quot;,&quot;premium_gallery_img_desc&quot;:&quot;&quot;,&quot;premium_gallery_img_link_type&quot;:&quot;url&quot;,&quot;premium_gallery_img_link&quot;:{&quot;url&quot;:&quot;&quot;,&quot;is_external&quot;:&quot;&quot;,&quot;nofollow&quot;:&quot;&quot;,&quot;custom_attributes&quot;:&quot;&quot;},&quot;premium_gallery_img_existing&quot;:null,&quot;premium_gallery_link_whole&quot;:&quot;&quot;,&quot;premium_gallery_lightbox_whole&quot;:&quot;&quot;},{&quot;premium_gallery_img_category&quot;:&quot;Fundaci\\u00f3n CELARG&quot;,&quot;premium_gallery_img&quot;:{&quot;url&quot;:&quot;http:\\\/\\\/teatrela.escenaglobal.net\\\/wp-content\\\/uploads\\\/2023\\\/01\\\/DSC00230.jpg&quot;,&quot;id&quot;:140623,&quot;alt&quot;:&quot;&quot;,&quot;source&quot;:&quot;library&quot;},&quot;_id&quot;:&quot;3f3db42&quot;,&quot;premium_gallery_image_cell&quot;:{&quot;unit&quot;:&quot;px&quot;,&quot;size&quot;:4,&quot;sizes&quot;:[]},&quot;premium_gallery_image_cell_tablet&quot;:{&quot;unit&quot;:&quot;px&quot;,&quot;size&quot;:&quot;&quot;,&quot;sizes&quot;:[]},&quot;premium_gallery_image_cell_mobile&quot;:{&quot;unit&quot;:&quot;px&quot;,&quot;size&quot;:&quot;&quot;,&quot;sizes&quot;:[]},&quot;premium_gallery_image_vcell&quot;:{&quot;unit&quot;:&quot;px&quot;,&quot;size&quot;:4,&quot;sizes&quot;:[]},&quot;premium_gallery_image_vcell_tablet&quot;:{&quot;unit&quot;:&quot;px&quot;,&quot;size&quot;:&quot;&quot;,&quot;sizes&quot;:[]},&quot;premium_gallery_image_vcell_mobile&quot;:{&quot;unit&quot;:&quot;px&quot;,&quot;size&quot;:&quot;&quot;,&quot;sizes&quot;:[]},&quot;premium_gallery_video&quot;:&quot;&quot;,&quot;premium_gallery_video_type&quot;:null,&quot;premium_gallery_video_url&quot;:null,&quot;premium_gallery_video_self&quot;:null,&quot;premium_gallery_video_self_url&quot;:null,&quot;premium_gallery_video_controls&quot;:null,&quot;premium_gallery_video_mute&quot;:null,&quot;premium_gallery_video_loop&quot;:null,&quot;download_button&quot;:null,&quot;privacy_mode&quot;:null,&quot;premmium_gallery_img_info&quot;:&quot;&quot;,&quot;premium_gallery_img_name&quot;:&quot;&quot;,&quot;premium_gallery_img_desc&quot;:&quot;&quot;,&quot;premium_gallery_img_link_type&quot;:&quot;url&quot;,&quot;premium_gallery_img_link&quot;:{&quot;url&quot;:&quot;&quot;,&quot;is_external&quot;:&quot;&quot;,&quot;nofollow&quot;:&quot;&quot;,&quot;custom_attributes&quot;:&quot;&quot;},&quot;premium_gallery_img_existing&quot;:null,&quot;premium_gallery_link_whole&quot;:&quot;&quot;,&quot;premium_gallery_lightbox_whole&quot;:&quot;&quot;},{&quot;premium_gallery_img_category&quot;:&quot;Fundaci\\u00f3n CELARG&quot;,&quot;premium_gallery_img&quot;:{&quot;url&quot;:&quot;http:\\\/\\\/teatrela.escenaglobal.net\\\/wp-content\\\/uploads\\\/2023\\\/01\\\/015.jpg&quot;,&quot;id&quot;:140621,&quot;alt&quot;:&quot;&quot;,&quot;source&quot;:&quot;library&quot;},&quot;_id&quot;:&quot;279cd53&quot;,&quot;premium_gallery_image_cell&quot;:{&quot;unit&quot;:&quot;px&quot;,&quot;size&quot;:4,&quot;sizes&quot;:[]},&quot;premium_gallery_image_cell_tablet&quot;:{&quot;unit&quot;:&quot;px&quot;,&quot;size&quot;:&quot;&quot;,&quot;sizes&quot;:[]},&quot;premium_gallery_image_cell_mobile&quot;:{&quot;unit&quot;:&quot;px&quot;,&quot;size&quot;:&quot;&quot;,&quot;sizes&quot;:[]},&quot;premium_gallery_image_vcell&quot;:{&quot;unit&quot;:&quot;px&quot;,&quot;size&quot;:4,&quot;sizes&quot;:[]},&quot;premium_gallery_image_vcell_tablet&quot;:{&quot;unit&quot;:&quot;px&quot;,&quot;size&quot;:&quot;&quot;,&quot;sizes&quot;:[]},&quot;premium_gallery_image_vcell_mobile&quot;:{&quot;unit&quot;:&quot;px&quot;,&quot;size&quot;:&quot;&quot;,&quot;sizes&quot;:[]},&quot;premium_gallery_video&quot;:&quot;&quot;,&quot;premium_gallery_video_type&quot;:null,&quot;premium_gallery_video_url&quot;:null,&quot;premium_gallery_video_self&quot;:null,&quot;premium_gallery_video_self_url&quot;:null,&quot;premium_gallery_video_controls&quot;:null,&quot;premium_gallery_video_mute&quot;:null,&quot;premium_gallery_video_loop&quot;:null,&quot;download_button&quot;:null,&quot;privacy_mode&quot;:null,&quot;premmium_gallery_img_info&quot;:&quot;&quot;,&quot;premium_gallery_img_name&quot;:&quot;&quot;,&quot;premium_gallery_img_desc&quot;:&quot;&quot;,&quot;premium_gallery_img_link_type&quot;:&quot;url&quot;,&quot;premium_gallery_img_link&quot;:{&quot;url&quot;:&quot;&quot;,&quot;is_external&quot;:&quot;&quot;,&quot;nofollow&quot;:&quot;&quot;,&quot;custom_attributes&quot;:&quot;&quot;},&quot;premium_gallery_img_existing&quot;:null,&quot;premium_gallery_link_whole&quot;:&quot;&quot;,&quot;premium_gallery_lightbox_whole&quot;:&quot;&quot;},{&quot;premium_gallery_img_category&quot;:&quot;Fundaci\\u00f3n CELARG&quot;,&quot;premium_gallery_img&quot;:{&quot;url&quot;:&quot;http:\\\/\\\/teatrela.escenaglobal.net\\\/wp-content\\\/uploads\\\/2023\\\/01\\\/016.jpg&quot;,&quot;id&quot;:140622,&quot;alt&quot;:&quot;&quot;,&quot;source&quot;:&quot;library&quot;},&quot;_id&quot;:&quot;f9371a6&quot;,&quot;premium_gallery_image_cell&quot;:{&quot;unit&quot;:&quot;px&quot;,&quot;size&quot;:4,&quot;sizes&quot;:[]},&quot;premium_gallery_image_cell_tablet&quot;:{&quot;unit&quot;:&quot;px&quot;,&quot;size&quot;:&quot;&quot;,&quot;sizes&quot;:[]},&quot;premium_gallery_image_cell_mobile&quot;:{&quot;unit&quot;:&quot;px&quot;,&quot;size&quot;:&quot;&quot;,&quot;sizes&quot;:[]},&quot;premium_gallery_image_vcell&quot;:{&quot;unit&quot;:&quot;px&quot;,&quot;size&quot;:4,&quot;sizes&quot;:[]},&quot;premium_gallery_image_vcell_tablet&quot;:{&quot;unit&quot;:&quot;px&quot;,&quot;size&quot;:&quot;&quot;,&quot;sizes&quot;:[]},&quot;premium_gallery_image_vcell_mobile&quot;:{&quot;unit&quot;:&quot;px&quot;,&quot;size&quot;:&quot;&quot;,&quot;sizes&quot;:[]},&quot;premium_gallery_video&quot;:&quot;&quot;,&quot;premium_gallery_video_type&quot;:null,&quot;premium_gallery_video_url&quot;:null,&quot;premium_gallery_video_self&quot;:null,&quot;premium_gallery_video_self_url&quot;:null,&quot;premium_gallery_video_controls&quot;:null,&quot;premium_gallery_video_mute&quot;:null,&quot;premium_gallery_video_loop&quot;:null,&quot;download_button&quot;:null,&quot;privacy_mode&quot;:null,&quot;premmium_gallery_img_info&quot;:&quot;&quot;,&quot;premium_gallery_img_name&quot;:&quot;&quot;,&quot;premium_gallery_img_desc&quot;:&quot;&quot;,&quot;premium_gallery_img_link_type&quot;:&quot;url&quot;,&quot;premium_gallery_img_link&quot;:{&quot;url&quot;:&quot;&quot;,&quot;is_external&quot;:&quot;&quot;,&quot;nofollow&quot;:&quot;&quot;,&quot;custom_attributes&quot;:&quot;&quot;},&quot;premium_gallery_img_existing&quot;:null,&quot;premium_gallery_link_whole&quot;:&quot;&quot;,&quot;premium_gallery_lightbox_whole&quot;:&quot;&quot;},{&quot;premium_gallery_img_category&quot;:&quot;Fundaci\\u00f3n CELARG&quot;,&quot;premium_gallery_img&quot;:{&quot;url&quot;:&quot;http:\\\/\\\/teatrela.escenaglobal.net\\\/wp-content\\\/uploads\\\/2023\\\/01\\\/013.jpg&quot;,&quot;id&quot;:140620,&quot;alt&quot;:&quot;&quot;,&quot;source&quot;:&quot;library&quot;},&quot;_id&quot;:&quot;5c67b49&quot;,&quot;premium_gallery_image_cell&quot;:{&quot;unit&quot;:&quot;px&quot;,&quot;size&quot;:4,&quot;sizes&quot;:[]},&quot;premium_gallery_image_cell_tablet&quot;:{&quot;unit&quot;:&quot;px&quot;,&quot;size&quot;:&quot;&quot;,&quot;sizes&quot;:[]},&quot;premium_gallery_image_cell_mobile&quot;:{&quot;unit&quot;:&quot;px&quot;,&quot;size&quot;:&quot;&quot;,&quot;sizes&quot;:[]},&quot;premium_gallery_image_vcell&quot;:{&quot;unit&quot;:&quot;px&quot;,&quot;size&quot;:4,&quot;sizes&quot;:[]},&quot;premium_gallery_image_vcell_tablet&quot;:{&quot;unit&quot;:&quot;px&quot;,&quot;size&quot;:&quot;&quot;,&quot;sizes&quot;:[]},&quot;premium_gallery_image_vcell_mobile&quot;:{&quot;unit&quot;:&quot;px&quot;,&quot;size&quot;:&quot;&quot;,&quot;sizes&quot;:[]},&quot;premium_gallery_video&quot;:&quot;&quot;,&quot;premium_gallery_video_type&quot;:null,&quot;premium_gallery_video_url&quot;:null,&quot;premium_gallery_video_self&quot;:null,&quot;premium_gallery_video_self_url&quot;:null,&quot;premium_gallery_video_controls&quot;:null,&quot;premium_gallery_video_mute&quot;:null,&quot;premium_gallery_video_loop&quot;:null,&quot;download_button&quot;:null,&quot;privacy_mode&quot;:null,&quot;premmium_gallery_img_info&quot;:&quot;&quot;,&quot;premium_gallery_img_name&quot;:&quot;&quot;,&quot;premium_gallery_img_desc&quot;:&quot;&quot;,&quot;premium_gallery_img_link_type&quot;:&quot;url&quot;,&quot;premium_gallery_img_link&quot;:{&quot;url&quot;:&quot;&quot;,&quot;is_external&quot;:&quot;&quot;,&quot;nofollow&quot;:&quot;&quot;,&quot;custom_attributes&quot;:&quot;&quot;},&quot;premium_gallery_img_existing&quot;:null,&quot;premium_gallery_link_whole&quot;:&quot;&quot;,&quot;premium_gallery_lightbox_whole&quot;:&quot;&quot;},{&quot;premium_gallery_img_category&quot;:&quot;Fundaci\\u00f3n CELARG&quot;,&quot;premium_gallery_img&quot;:{&quot;url&quot;:&quot;http:\\\/\\\/teatrela.escenaglobal.net\\\/wp-content\\\/uploads\\\/2023\\\/01\\\/010.jpg&quot;,&quot;id&quot;:140618,&quot;alt&quot;:&quot;&quot;,&quot;source&quot;:&quot;library&quot;},&quot;_id&quot;:&quot;b9c5020&quot;,&quot;premium_gallery_image_cell&quot;:{&quot;unit&quot;:&quot;px&quot;,&quot;size&quot;:4,&quot;sizes&quot;:[]},&quot;premium_gallery_image_cell_tablet&quot;:{&quot;unit&quot;:&quot;px&quot;,&quot;size&quot;:&quot;&quot;,&quot;sizes&quot;:[]},&quot;premium_gallery_image_cell_mobile&quot;:{&quot;unit&quot;:&quot;px&quot;,&quot;size&quot;:&quot;&quot;,&quot;sizes&quot;:[]},&quot;premium_gallery_image_vcell&quot;:{&quot;unit&quot;:&quot;px&quot;,&quot;size&quot;:4,&quot;sizes&quot;:[]},&quot;premium_gallery_image_vcell_tablet&quot;:{&quot;unit&quot;:&quot;px&quot;,&quot;size&quot;:&quot;&quot;,&quot;sizes&quot;:[]},&quot;premium_gallery_image_vcell_mobile&quot;:{&quot;unit&quot;:&quot;px&quot;,&quot;size&quot;:&quot;&quot;,&quot;sizes&quot;:[]},&quot;premium_gallery_video&quot;:&quot;&quot;,&quot;premium_gallery_video_type&quot;:null,&quot;premium_gallery_video_url&quot;:null,&quot;premium_gallery_video_self&quot;:null,&quot;premium_gallery_video_self_url&quot;:null,&quot;premium_gallery_video_controls&quot;:null,&quot;premium_gallery_video_mute&quot;:null,&quot;premium_gallery_video_loop&quot;:null,&quot;download_button&quot;:null,&quot;privacy_mode&quot;:null,&quot;premmium_gallery_img_info&quot;:&quot;&quot;,&quot;premium_gallery_img_name&quot;:&quot;&quot;,&quot;premium_gallery_img_desc&quot;:&quot;&quot;,&quot;premium_gallery_img_link_type&quot;:&quot;url&quot;,&quot;premium_gallery_img_link&quot;:{&quot;url&quot;:&quot;&quot;,&quot;is_external&quot;:&quot;&quot;,&quot;nofollow&quot;:&quot;&quot;,&quot;custom_attributes&quot;:&quot;&quot;},&quot;premium_gallery_img_existing&quot;:null,&quot;premium_gallery_link_whole&quot;:&quot;&quot;,&quot;premium_gallery_lightbox_whole&quot;:&quot;&quot;},{&quot;premium_gallery_img_category&quot;:&quot;Fundaci\\u00f3n CELARG&quot;,&quot;premium_gallery_img&quot;:{&quot;url&quot;:&quot;http:\\\/\\\/teatrela.escenaglobal.net\\\/wp-content\\\/uploads\\\/2021\\\/05\\\/misa-profana-11387.jpg&quot;,&quot;id&quot;:794,&quot;alt&quot;:&quot;&quot;,&quot;source&quot;:&quot;library&quot;},&quot;_id&quot;:&quot;dfc5142&quot;,&quot;premium_gallery_image_cell&quot;:{&quot;unit&quot;:&quot;px&quot;,&quot;size&quot;:4,&quot;sizes&quot;:[]},&quot;premium_gallery_image_cell_tablet&quot;:{&quot;unit&quot;:&quot;px&quot;,&quot;size&quot;:&quot;&quot;,&quot;sizes&quot;:[]},&quot;premium_gallery_image_cell_mobile&quot;:{&quot;unit&quot;:&quot;px&quot;,&quot;size&quot;:&quot;&quot;,&quot;sizes&quot;:[]},&quot;premium_gallery_image_vcell&quot;:{&quot;unit&quot;:&quot;px&quot;,&quot;size&quot;:4,&quot;sizes&quot;:[]},&quot;premium_gallery_image_vcell_tablet&quot;:{&quot;unit&quot;:&quot;px&quot;,&quot;size&quot;:&quot;&quot;,&quot;sizes&quot;:[]},&quot;premium_gallery_image_vcell_mobile&quot;:{&quot;unit&quot;:&quot;px&quot;,&quot;size&quot;:&quot;&quot;,&quot;sizes&quot;:[]},&quot;premium_gallery_video&quot;:&quot;&quot;,&quot;premium_gallery_video_type&quot;:null,&quot;premium_gallery_video_url&quot;:null,&quot;premium_gallery_video_self&quot;:null,&quot;premium_gallery_video_self_url&quot;:null,&quot;premium_gallery_video_controls&quot;:null,&quot;premium_gallery_video_mute&quot;:null,&quot;premium_gallery_video_loop&quot;:null,&quot;download_button&quot;:null,&quot;privacy_mode&quot;:null,&quot;premmium_gallery_img_info&quot;:&quot;&quot;,&quot;premium_gallery_img_name&quot;:&quot;&quot;,&quot;premium_gallery_img_desc&quot;:&quot;&quot;,&quot;premium_gallery_img_link_type&quot;:&quot;url&quot;,&quot;premium_gallery_img_link&quot;:{&quot;url&quot;:&quot;&quot;,&quot;is_external&quot;:&quot;&quot;,&quot;nofollow&quot;:&quot;&quot;,&quot;custom_attributes&quot;:&quot;&quot;},&quot;premium_gallery_img_existing&quot;:null,&quot;premium_gallery_link_whole&quot;:&quot;&quot;,&quot;premium_gallery_lightbox_whole&quot;:&quot;&quot;},{&quot;premium_gallery_img_category&quot;:&quot;Fundaci\\u00f3n CELARG&quot;,&quot;premium_gallery_img&quot;:{&quot;url&quot;:&quot;http:\\\/\\\/teatrela.escenaglobal.net\\\/wp-content\\\/uploads\\\/2023\\\/01\\\/011.jpg&quot;,&quot;id&quot;:140619,&quot;alt&quot;:&quot;&quot;,&quot;source&quot;:&quot;library&quot;},&quot;_id&quot;:&quot;cafa43e&quot;,&quot;premium_gallery_image_cell&quot;:{&quot;unit&quot;:&quot;px&quot;,&quot;size&quot;:4,&quot;sizes&quot;:[]},&quot;premium_gallery_image_cell_tablet&quot;:{&quot;unit&quot;:&quot;px&quot;,&quot;size&quot;:&quot;&quot;,&quot;sizes&quot;:[]},&quot;premium_gallery_image_cell_mobile&quot;:{&quot;unit&quot;:&quot;px&quot;,&quot;size&quot;:&quot;&quot;,&quot;sizes&quot;:[]},&quot;premium_gallery_image_vcell&quot;:{&quot;unit&quot;:&quot;px&quot;,&quot;size&quot;:4,&quot;sizes&quot;:[]},&quot;premium_gallery_image_vcell_tablet&quot;:{&quot;unit&quot;:&quot;px&quot;,&quot;size&quot;:&quot;&quot;,&quot;sizes&quot;:[]},&quot;premium_gallery_image_vcell_mobile&quot;:{&quot;unit&quot;:&quot;px&quot;,&quot;size&quot;:&quot;&quot;,&quot;sizes&quot;:[]},&quot;premium_gallery_video&quot;:&quot;&quot;,&quot;premium_gallery_video_type&quot;:null,&quot;premium_gallery_video_url&quot;:null,&quot;premium_gallery_video_self&quot;:null,&quot;premium_gallery_video_self_url&quot;:null,&quot;premium_gallery_video_controls&quot;:null,&quot;premium_gallery_video_mute&quot;:null,&quot;premium_gallery_video_loop&quot;:null,&quot;download_button&quot;:null,&quot;privacy_mode&quot;:null,&quot;premmium_gallery_img_info&quot;:&quot;&quot;,&quot;premium_gallery_img_name&quot;:&quot;&quot;,&quot;premium_gallery_img_desc&quot;:&quot;&quot;,&quot;premium_gallery_img_link_type&quot;:&quot;url&quot;,&quot;premium_gallery_img_link&quot;:{&quot;url&quot;:&quot;&quot;,&quot;is_external&quot;:&quot;&quot;,&quot;nofollow&quot;:&quot;&quot;,&quot;custom_attributes&quot;:&quot;&quot;},&quot;premium_gallery_img_existing&quot;:null,&quot;premium_gallery_link_whole&quot;:&quot;&quot;,&quot;premium_gallery_lightbox_whole&quot;:&quot;&quot;},{&quot;premium_gallery_img&quot;:{&quot;url&quot;:&quot;http:\\\/\\\/teatrela.escenaglobal.net\\\/wp-content\\\/uploads\\\/2023\\\/01\\\/FLYER-CELARG-NUEVO-1.jpg&quot;,&quot;id&quot;:140626,&quot;alt&quot;:&quot;&quot;,&quot;source&quot;:&quot;library&quot;},&quot;premium_gallery_img_category&quot;:&quot;Promos&quot;,&quot;_id&quot;:&quot;14733af&quot;,&quot;premium_gallery_image_cell&quot;:{&quot;unit&quot;:&quot;px&quot;,&quot;size&quot;:4,&quot;sizes&quot;:[]},&quot;premium_gallery_image_cell_tablet&quot;:{&quot;unit&quot;:&quot;px&quot;,&quot;size&quot;:&quot;&quot;,&quot;sizes&quot;:[]},&quot;premium_gallery_image_cell_mobile&quot;:{&quot;unit&quot;:&quot;px&quot;,&quot;size&quot;:&quot;&quot;,&quot;sizes&quot;:[]},&quot;premium_gallery_image_vcell&quot;:{&quot;unit&quot;:&quot;px&quot;,&quot;size&quot;:4,&quot;sizes&quot;:[]},&quot;premium_gallery_image_vcell_tablet&quot;:{&quot;unit&quot;:&quot;px&quot;,&quot;size&quot;:&quot;&quot;,&quot;sizes&quot;:[]},&quot;premium_gallery_image_vcell_mobile&quot;:{&quot;unit&quot;:&quot;px&quot;,&quot;size&quot;:&quot;&quot;,&quot;sizes&quot;:[]},&quot;premium_gallery_video&quot;:&quot;&quot;,&quot;premium_gallery_video_type&quot;:null,&quot;premium_gallery_video_url&quot;:null,&quot;premium_gallery_video_self&quot;:null,&quot;premium_gallery_video_self_url&quot;:null,&quot;premium_gallery_video_controls&quot;:null,&quot;premium_gallery_video_mute&quot;:null,&quot;premium_gallery_video_loop&quot;:null,&quot;download_button&quot;:null,&quot;privacy_mode&quot;:null,&quot;premmium_gallery_img_info&quot;:&quot;&quot;,&quot;premium_gallery_img_name&quot;:&quot;&quot;,&quot;premium_gallery_img_desc&quot;:&quot;&quot;,&quot;premium_gallery_img_link_type&quot;:&quot;url&quot;,&quot;premium_gallery_img_link&quot;:{&quot;url&quot;:&quot;&quot;,&quot;is_external&quot;:&quot;&quot;,&quot;nofollow&quot;:&quot;&quot;,&quot;custom_attributes&quot;:&quot;&quot;},&quot;premium_gallery_img_existing&quot;:null,&quot;premium_gallery_link_whole&quot;:&quot;&quot;,&quot;premium_gallery_lightbox_whole&quot;:&quot;&quot;},{&quot;premium_gallery_img&quot;:{&quot;url&quot;:&quot;http:\\\/\\\/teatrela.escenaglobal.net\\\/wp-content\\\/uploads\\\/2023\\\/01\\\/PENDON-MISA-PROFANA-JPEG.jpg&quot;,&quot;id&quot;:140627,&quot;alt&quot;:&quot;&quot;,&quot;source&quot;:&quot;library&quot;},&quot;premium_gallery_img_category&quot;:&quot;Promos&quot;,&quot;_id&quot;:&quot;9683ddc&quot;,&quot;premium_gallery_image_cell&quot;:{&quot;unit&quot;:&quot;px&quot;,&quot;size&quot;:4,&quot;sizes&quot;:[]},&quot;premium_gallery_image_cell_tablet&quot;:{&quot;unit&quot;:&quot;px&quot;,&quot;size&quot;:&quot;&quot;,&quot;sizes&quot;:[]},&quot;premium_gallery_image_cell_mobile&quot;:{&quot;unit&quot;:&quot;px&quot;,&quot;size&quot;:&quot;&quot;,&quot;sizes&quot;:[]},&quot;premium_gallery_image_vcell&quot;:{&quot;unit&quot;:&quot;px&quot;,&quot;size&quot;:4,&quot;sizes&quot;:[]},&quot;premium_gallery_image_vcell_tablet&quot;:{&quot;unit&quot;:&quot;px&quot;,&quot;size&quot;:&quot;&quot;,&quot;sizes&quot;:[]},&quot;premium_gallery_image_vcell_mobile&quot;:{&quot;unit&quot;:&quot;px&quot;,&quot;size&quot;:&quot;&quot;,&quot;sizes&quot;:[]},&quot;premium_gallery_video&quot;:&quot;&quot;,&quot;premium_gallery_video_type&quot;:null,&quot;premium_gallery_video_url&quot;:null,&quot;premium_gallery_video_self&quot;:null,&quot;premium_gallery_video_self_url&quot;:null,&quot;premium_gallery_video_controls&quot;:null,&quot;premium_gallery_video_mute&quot;:null,&quot;premium_gallery_video_loop&quot;:null,&quot;download_button&quot;:null,&quot;privacy_mode&quot;:null,&quot;premmium_gallery_img_info&quot;:&quot;&quot;,&quot;premium_gallery_img_name&quot;:&quot;&quot;,&quot;premium_gallery_img_desc&quot;:&quot;&quot;,&quot;premium_gallery_img_link_type&quot;:&quot;url&quot;,&quot;premium_gallery_img_link&quot;:{&quot;url&quot;:&quot;&quot;,&quot;is_external&quot;:&quot;&quot;,&quot;nofollow&quot;:&quot;&quot;,&quot;custom_attributes&quot;:&quot;&quot;},&quot;premium_gallery_img_existing&quot;:null,&quot;premium_gallery_link_whole&quot;:&quot;&quot;,&quot;premium_gallery_lightbox_whole&quot;:&quot;&quot;},{&quot;_id&quot;:&quot;e0d0de4&quot;,&quot;premium_gallery_img&quot;:{&quot;url&quot;:&quot;http:\\\/\\\/teatrela.escenaglobal.net\\\/wp-content\\\/uploads\\\/2023\\\/01\\\/La-misa-profana_-de-Andres-Martinez-en-la-sala-1-del-Celarg.png&quot;,&quot;id&quot;:140613,&quot;alt&quot;:&quot;&quot;,&quot;source&quot;:&quot;library&quot;},&quot;premium_gallery_img_category&quot;:&quot;Prensa&quot;,&quot;premium_gallery_img_link&quot;:{&quot;url&quot;:&quot;http:\\\/\\\/teatrela.escenaglobal.net\\\/wp-content\\\/uploads\\\/2023\\\/01\\\/La-misa-profana_-de-Andres-Martinez-en-la-sala-1-del-Celarg.pdf&quot;,&quot;is_external&quot;:&quot;&quot;,&quot;nofollow&quot;:&quot;&quot;,&quot;custom_attributes&quot;:&quot;&quot;},&quot;premium_gallery_link_whole&quot;:&quot;yes&quot;,&quot;premium_gallery_image_cell&quot;:{&quot;unit&quot;:&quot;px&quot;,&quot;size&quot;:4,&quot;sizes&quot;:[]},&quot;premium_gallery_image_cell_tablet&quot;:{&quot;unit&quot;:&quot;px&quot;,&quot;size&quot;:&quot;&quot;,&quot;sizes&quot;:[]},&quot;premium_gallery_image_cell_mobile&quot;:{&quot;unit&quot;:&quot;px&quot;,&quot;size&quot;:&quot;&quot;,&quot;sizes&quot;:[]},&quot;premium_gallery_image_vcell&quot;:{&quot;unit&quot;:&quot;px&quot;,&quot;size&quot;:4,&quot;sizes&quot;:[]},&quot;premium_gallery_image_vcell_tablet&quot;:{&quot;unit&quot;:&quot;px&quot;,&quot;size&quot;:&quot;&quot;,&quot;sizes&quot;:[]},&quot;premium_gallery_image_vcell_mobile&quot;:{&quot;unit&quot;:&quot;px&quot;,&quot;size&quot;:&quot;&quot;,&quot;sizes&quot;:[]},&quot;premium_gallery_video&quot;:&quot;&quot;,&quot;premium_gallery_video_type&quot;:null,&quot;premium_gallery_video_url&quot;:null,&quot;premium_gallery_video_self&quot;:null,&quot;premium_gallery_video_self_url&quot;:null,&quot;premium_gallery_video_controls&quot;:null,&quot;premium_gallery_video_mute&quot;:null,&quot;premium_gallery_video_loop&quot;:null,&quot;download_button&quot;:null,&quot;privacy_mode&quot;:null,&quot;premmium_gallery_img_info&quot;:&quot;&quot;,&quot;premium_gallery_img_name&quot;:&quot;&quot;,&quot;premium_gallery_img_desc&quot;:&quot;&quot;,&quot;premium_gallery_img_link_type&quot;:&quot;url&quot;,&quot;premium_gallery_img_existing&quot;:null,&quot;premium_gallery_lightbox_whole&quot;:&quot;&quot;},{&quot;premium_gallery_img&quot;:{&quot;url&quot;:&quot;http:\\\/\\\/teatrela.escenaglobal.net\\\/wp-content\\\/uploads\\\/2023\\\/01\\\/Una-Misa-profana-sera-el-acto-central-para-celebrar-los-70-anos-de-la-escuela-Juana-Sujo-_.png&quot;,&quot;id&quot;:140615,&quot;alt&quot;:&quot;&quot;,&quot;source&quot;:&quot;library&quot;},&quot;premium_gallery_img_category&quot;:&quot;Prensa&quot;,&quot;_id&quot;:&quot;08030dd&quot;,&quot;premium_gallery_img_link&quot;:{&quot;url&quot;:&quot;http:\\\/\\\/teatrela.escenaglobal.net\\\/wp-content\\\/uploads\\\/2023\\\/01\\\/Una-Misa-profana-sera-el-acto-central-para-celebrar-los-70-anos-de-la-escuela-Juana-Sujo-_.pdf&quot;,&quot;is_external&quot;:&quot;&quot;,&quot;nofollow&quot;:&quot;&quot;,&quot;custom_attributes&quot;:&quot;&quot;},&quot;premium_gallery_link_whole&quot;:&quot;yes&quot;,&quot;premium_gallery_image_cell&quot;:{&quot;unit&quot;:&quot;px&quot;,&quot;size&quot;:4,&quot;sizes&quot;:[]},&quot;premium_gallery_image_cell_tablet&quot;:{&quot;unit&quot;:&quot;px&quot;,&quot;size&quot;:&quot;&quot;,&quot;sizes&quot;:[]},&quot;premium_gallery_image_cell_mobile&quot;:{&quot;unit&quot;:&quot;px&quot;,&quot;size&quot;:&quot;&quot;,&quot;sizes&quot;:[]},&quot;premium_gallery_image_vcell&quot;:{&quot;unit&quot;:&quot;px&quot;,&quot;size&quot;:4,&quot;sizes&quot;:[]},&quot;premium_gallery_image_vcell_tablet&quot;:{&quot;unit&quot;:&quot;px&quot;,&quot;size&quot;:&quot;&quot;,&quot;sizes&quot;:[]},&quot;premium_gallery_image_vcell_mobile&quot;:{&quot;unit&quot;:&quot;px&quot;,&quot;size&quot;:&quot;&quot;,&quot;sizes&quot;:[]},&quot;premium_gallery_video&quot;:&quot;&quot;,&quot;premium_gallery_video_type&quot;:null,&quot;premium_gallery_video_url&quot;:null,&quot;premium_gallery_video_self&quot;:null,&quot;premium_gallery_video_self_url&quot;:null,&quot;premium_gallery_video_controls&quot;:null,&quot;premium_gallery_video_mute&quot;:null,&quot;premium_gallery_video_loop&quot;:null,&quot;download_button&quot;:null,&quot;privacy_mode&quot;:null,&quot;premmium_gallery_img_info&quot;:&quot;&quot;,&quot;premium_gallery_img_name&quot;:&quot;&quot;,&quot;premium_gallery_img_desc&quot;:&quot;&quot;,&quot;premium_gallery_img_link_type&quot;:&quot;url&quot;,&quot;premium_gallery_img_existing&quot;:null,&quot;premium_gallery_lightbox_whole&quot;:&quot;&quot;}]}\" data-widget_type=\"premium-img-gallery.default\">\n\t\t\t\t<div class=\"elementor-widget-container\">\n\t\t\t\r\n\t<div id=\"premium-img-gallery-57e302c\" class=\"elementor-invisible premium-img-gallery premium-img-gallery-masonry zoomin premium-gallery-icon-show\">\r\n\t\t\r\n\t\t<div class=\"premium-img-gallery-filter\">\r\n\t\t\t<ul class=\"premium-gallery-cats-container\">\r\n\t\t\t\t\t\t\t\t\t<li>\r\n\t\t\t\t\t\t<a href=\"javascript:;\" class=\"category active\" data-filter=\"*\">\r\n\t\t\t\t\t\t\tTodas\t\t\t\t\t\t<\/a>\r\n\t\t\t\t\t<\/li>\r\n\t\t\t\t\t\t\t\t\t\t\t<li>\r\n\t\t\t\t\t\t\t<a href=\"javascript:;\" class=\"category elementor-repeater-item-09c987f\" data-filter=\".fundaci\u00f3n-celarg\">\r\n\t\t\t\t\t\t\t\tFundaci\u00f3n CELARG\t\t\t\t\t\t\t<\/a>\r\n\t\t\t\t\t\t<\/li>\r\n\t\t\t\t\t\t\t\t\t\t\t\t<li>\r\n\t\t\t\t\t\t\t<a href=\"javascript:;\" class=\"category elementor-repeater-item-2f05874\" data-filter=\".promos\">\r\n\t\t\t\t\t\t\t\tPromos\t\t\t\t\t\t\t<\/a>\r\n\t\t\t\t\t\t<\/li>\r\n\t\t\t\t\t\t\t\t\t\t\t\t<li>\r\n\t\t\t\t\t\t\t<a href=\"javascript:;\" class=\"category elementor-repeater-item-a73ad42\" data-filter=\".prensa\">\r\n\t\t\t\t\t\t\t\tPrensa\t\t\t\t\t\t\t<\/a>\r\n\t\t\t\t\t\t<\/li>\r\n\t\t\t\t\t\t\t\t\t<\/ul>\r\n\t\t<\/div>\r\n\r\n\t\t\r\n\t\t<div class=\"premium-gallery-container\" data-settings=\"{&quot;img_size&quot;:&quot;masonry&quot;,&quot;filter&quot;:&quot;yes&quot;,&quot;theme&quot;:null,&quot;active_cat&quot;:&quot;*&quot;,&quot;ltr_mode&quot;:true,&quot;shuffle&quot;:false,&quot;sort_by&quot;:&quot;original-order&quot;,&quot;skin&quot;:&quot;default&quot;,&quot;flag&quot;:&quot;cat&quot;,&quot;light_box&quot;:&quot;yes&quot;,&quot;lightbox_type&quot;:&quot;yes&quot;,&quot;overlay&quot;:false}\">\r\n\r\n\t\t\t\t\t\t\t<div class=\"premium-gallery-item elementor-repeater-item-0d0a394 fundaci\u00f3n-celarg\">\r\n\t\t\t\t<div class=\"pa-gallery-img default\" onclick=\"\">\r\n\t\t\t\t\t<div class=\"pa-gallery-img-container\">\r\n\t\t\t\t\t\t\t\t<img decoding=\"async\" width=\"1280\" height=\"853\" src=\"https:\/\/teatrela.escenaglobal.net\/wp-content\/uploads\/2023\/01\/PHOTO-2021-08-06-15-54-01.jpg\" class=\"attachment-full size-full wp-image-140625\" alt=\"\" loading=\"lazy\" srcset=\"https:\/\/teatrela.escenaglobal.net\/wp-content\/uploads\/2023\/01\/PHOTO-2021-08-06-15-54-01.jpg 1280w, https:\/\/teatrela.escenaglobal.net\/wp-content\/uploads\/2023\/01\/PHOTO-2021-08-06-15-54-01-300x200.jpg 300w, https:\/\/teatrela.escenaglobal.net\/wp-content\/uploads\/2023\/01\/PHOTO-2021-08-06-15-54-01-1024x682.jpg 1024w, https:\/\/teatrela.escenaglobal.net\/wp-content\/uploads\/2023\/01\/PHOTO-2021-08-06-15-54-01-768x512.jpg 768w, https:\/\/teatrela.escenaglobal.net\/wp-content\/uploads\/2023\/01\/PHOTO-2021-08-06-15-54-01-930x620.jpg 930w\" sizes=\"(max-width: 1280px) 100vw, 1280px\" \/>\t\t\t\t\t\t\t<\/div>\r\n\t\t\t\t\t\t\t\t\t\t\t\t<div class=\"pa-gallery-icons-wrapper\">\r\n\t\t\t\t\t\t\t\t<div class=\"pa-gallery-icons-inner-container\">\r\n\t\t\t\t\t\t\t\t\t\r\n\t\t\t\t\t<a class=\"pa-gallery-magnific-image\" href=\"http:\/\/teatrela.escenaglobal.net\/wp-content\/uploads\/2023\/01\/PHOTO-2021-08-06-15-54-01.jpg\" data-elementor-open-lightbox=\"yes\" data-elementor-lightbox-slideshow=\"57e302c\" data-elementor-lightbox-title=\"PHOTO-2021-08-06-15-54-01\">\r\n\t\t\t\t\t\t<span>\r\n\t\t\t\t\t\t\t<i aria-hidden=\"true\" class=\"fas fa-search\"><\/i>\t\t\t\t\t\t<\/span>\r\n\t\t\t\t\t<\/a>\r\n\t\t\t\t\t\t\t\t\t\t\t\t<\/div>\r\n\t\t\t\t\t\t\t<\/div>\r\n\t\t\t\t\t\t\t\t\t\t\t<\/div>\r\n\t\t\t<\/div>\r\n\t\t\t\t\t\t\t<div class=\"premium-gallery-item elementor-repeater-item-553c6e2 fundaci\u00f3n-celarg\">\r\n\t\t\t\t<div class=\"pa-gallery-img default\" onclick=\"\">\r\n\t\t\t\t\t<div class=\"pa-gallery-img-container\">\r\n\t\t\t\t\t\t\t\t<img decoding=\"async\" width=\"1200\" height=\"900\" src=\"https:\/\/teatrela.escenaglobal.net\/wp-content\/uploads\/2023\/01\/DSC00339.jpg\" class=\"attachment-full size-full wp-image-140624\" alt=\"\" loading=\"lazy\" srcset=\"https:\/\/teatrela.escenaglobal.net\/wp-content\/uploads\/2023\/01\/DSC00339.jpg 1200w, https:\/\/teatrela.escenaglobal.net\/wp-content\/uploads\/2023\/01\/DSC00339-300x225.jpg 300w, https:\/\/teatrela.escenaglobal.net\/wp-content\/uploads\/2023\/01\/DSC00339-1024x768.jpg 1024w, https:\/\/teatrela.escenaglobal.net\/wp-content\/uploads\/2023\/01\/DSC00339-768x576.jpg 768w\" sizes=\"(max-width: 1200px) 100vw, 1200px\" \/>\t\t\t\t\t\t\t<\/div>\r\n\t\t\t\t\t\t\t\t\t\t\t\t<div class=\"pa-gallery-icons-wrapper\">\r\n\t\t\t\t\t\t\t\t<div class=\"pa-gallery-icons-inner-container\">\r\n\t\t\t\t\t\t\t\t\t\r\n\t\t\t\t\t<a class=\"pa-gallery-magnific-image\" href=\"http:\/\/teatrela.escenaglobal.net\/wp-content\/uploads\/2023\/01\/DSC00339.jpg\" data-elementor-open-lightbox=\"yes\" data-elementor-lightbox-slideshow=\"57e302c\" data-elementor-lightbox-title=\"DSC00339\">\r\n\t\t\t\t\t\t<span>\r\n\t\t\t\t\t\t\t<i aria-hidden=\"true\" class=\"fas fa-search\"><\/i>\t\t\t\t\t\t<\/span>\r\n\t\t\t\t\t<\/a>\r\n\t\t\t\t\t\t\t\t\t\t\t\t<\/div>\r\n\t\t\t\t\t\t\t<\/div>\r\n\t\t\t\t\t\t\t\t\t\t\t<\/div>\r\n\t\t\t<\/div>\r\n\t\t\t\t\t\t\t<div class=\"premium-gallery-item elementor-repeater-item-3f3db42 fundaci\u00f3n-celarg\">\r\n\t\t\t\t<div class=\"pa-gallery-img default\" onclick=\"\">\r\n\t\t\t\t\t<div class=\"pa-gallery-img-container\">\r\n\t\t\t\t\t\t\t\t<img decoding=\"async\" width=\"1200\" height=\"900\" src=\"https:\/\/teatrela.escenaglobal.net\/wp-content\/uploads\/2023\/01\/DSC00230.jpg\" class=\"attachment-full size-full wp-image-140623\" alt=\"\" loading=\"lazy\" srcset=\"https:\/\/teatrela.escenaglobal.net\/wp-content\/uploads\/2023\/01\/DSC00230.jpg 1200w, https:\/\/teatrela.escenaglobal.net\/wp-content\/uploads\/2023\/01\/DSC00230-300x225.jpg 300w, https:\/\/teatrela.escenaglobal.net\/wp-content\/uploads\/2023\/01\/DSC00230-1024x768.jpg 1024w, https:\/\/teatrela.escenaglobal.net\/wp-content\/uploads\/2023\/01\/DSC00230-768x576.jpg 768w\" sizes=\"(max-width: 1200px) 100vw, 1200px\" \/>\t\t\t\t\t\t\t<\/div>\r\n\t\t\t\t\t\t\t\t\t\t\t\t<div class=\"pa-gallery-icons-wrapper\">\r\n\t\t\t\t\t\t\t\t<div class=\"pa-gallery-icons-inner-container\">\r\n\t\t\t\t\t\t\t\t\t\r\n\t\t\t\t\t<a class=\"pa-gallery-magnific-image\" href=\"http:\/\/teatrela.escenaglobal.net\/wp-content\/uploads\/2023\/01\/DSC00230.jpg\" data-elementor-open-lightbox=\"yes\" data-elementor-lightbox-slideshow=\"57e302c\" data-elementor-lightbox-title=\"DSC00230\">\r\n\t\t\t\t\t\t<span>\r\n\t\t\t\t\t\t\t<i aria-hidden=\"true\" class=\"fas fa-search\"><\/i>\t\t\t\t\t\t<\/span>\r\n\t\t\t\t\t<\/a>\r\n\t\t\t\t\t\t\t\t\t\t\t\t<\/div>\r\n\t\t\t\t\t\t\t<\/div>\r\n\t\t\t\t\t\t\t\t\t\t\t<\/div>\r\n\t\t\t<\/div>\r\n\t\t\t\t\t\t\t<div class=\"premium-gallery-item elementor-repeater-item-279cd53 fundaci\u00f3n-celarg\">\r\n\t\t\t\t<div class=\"pa-gallery-img default\" onclick=\"\">\r\n\t\t\t\t\t<div class=\"pa-gallery-img-container\">\r\n\t\t\t\t\t\t\t\t<img decoding=\"async\" width=\"1200\" height=\"800\" src=\"https:\/\/teatrela.escenaglobal.net\/wp-content\/uploads\/2023\/01\/015.jpg\" class=\"attachment-full size-full wp-image-140621\" alt=\"\" loading=\"lazy\" srcset=\"https:\/\/teatrela.escenaglobal.net\/wp-content\/uploads\/2023\/01\/015.jpg 1200w, https:\/\/teatrela.escenaglobal.net\/wp-content\/uploads\/2023\/01\/015-300x200.jpg 300w, https:\/\/teatrela.escenaglobal.net\/wp-content\/uploads\/2023\/01\/015-1024x683.jpg 1024w, https:\/\/teatrela.escenaglobal.net\/wp-content\/uploads\/2023\/01\/015-768x512.jpg 768w, https:\/\/teatrela.escenaglobal.net\/wp-content\/uploads\/2023\/01\/015-930x620.jpg 930w\" sizes=\"(max-width: 1200px) 100vw, 1200px\" \/>\t\t\t\t\t\t\t<\/div>\r\n\t\t\t\t\t\t\t\t\t\t\t\t<div class=\"pa-gallery-icons-wrapper\">\r\n\t\t\t\t\t\t\t\t<div class=\"pa-gallery-icons-inner-container\">\r\n\t\t\t\t\t\t\t\t\t\r\n\t\t\t\t\t<a class=\"pa-gallery-magnific-image\" href=\"http:\/\/teatrela.escenaglobal.net\/wp-content\/uploads\/2023\/01\/015.jpg\" data-elementor-open-lightbox=\"yes\" data-elementor-lightbox-slideshow=\"57e302c\" data-elementor-lightbox-title=\"015\">\r\n\t\t\t\t\t\t<span>\r\n\t\t\t\t\t\t\t<i aria-hidden=\"true\" class=\"fas fa-search\"><\/i>\t\t\t\t\t\t<\/span>\r\n\t\t\t\t\t<\/a>\r\n\t\t\t\t\t\t\t\t\t\t\t\t<\/div>\r\n\t\t\t\t\t\t\t<\/div>\r\n\t\t\t\t\t\t\t\t\t\t\t<\/div>\r\n\t\t\t<\/div>\r\n\t\t\t\t\t\t\t<div class=\"premium-gallery-item elementor-repeater-item-f9371a6 fundaci\u00f3n-celarg\">\r\n\t\t\t\t<div class=\"pa-gallery-img default\" onclick=\"\">\r\n\t\t\t\t\t<div class=\"pa-gallery-img-container\">\r\n\t\t\t\t\t\t\t\t<img decoding=\"async\" width=\"1200\" height=\"800\" src=\"https:\/\/teatrela.escenaglobal.net\/wp-content\/uploads\/2023\/01\/016.jpg\" class=\"attachment-full size-full wp-image-140622\" alt=\"\" loading=\"lazy\" srcset=\"https:\/\/teatrela.escenaglobal.net\/wp-content\/uploads\/2023\/01\/016.jpg 1200w, https:\/\/teatrela.escenaglobal.net\/wp-content\/uploads\/2023\/01\/016-300x200.jpg 300w, https:\/\/teatrela.escenaglobal.net\/wp-content\/uploads\/2023\/01\/016-1024x683.jpg 1024w, https:\/\/teatrela.escenaglobal.net\/wp-content\/uploads\/2023\/01\/016-768x512.jpg 768w, https:\/\/teatrela.escenaglobal.net\/wp-content\/uploads\/2023\/01\/016-930x620.jpg 930w\" sizes=\"(max-width: 1200px) 100vw, 1200px\" \/>\t\t\t\t\t\t\t<\/div>\r\n\t\t\t\t\t\t\t\t\t\t\t\t<div class=\"pa-gallery-icons-wrapper\">\r\n\t\t\t\t\t\t\t\t<div class=\"pa-gallery-icons-inner-container\">\r\n\t\t\t\t\t\t\t\t\t\r\n\t\t\t\t\t<a class=\"pa-gallery-magnific-image\" href=\"http:\/\/teatrela.escenaglobal.net\/wp-content\/uploads\/2023\/01\/016.jpg\" data-elementor-open-lightbox=\"yes\" data-elementor-lightbox-slideshow=\"57e302c\" data-elementor-lightbox-title=\"016\">\r\n\t\t\t\t\t\t<span>\r\n\t\t\t\t\t\t\t<i aria-hidden=\"true\" class=\"fas fa-search\"><\/i>\t\t\t\t\t\t<\/span>\r\n\t\t\t\t\t<\/a>\r\n\t\t\t\t\t\t\t\t\t\t\t\t<\/div>\r\n\t\t\t\t\t\t\t<\/div>\r\n\t\t\t\t\t\t\t\t\t\t\t<\/div>\r\n\t\t\t<\/div>\r\n\t\t\t\t\t\t\t<div class=\"premium-gallery-item elementor-repeater-item-5c67b49 fundaci\u00f3n-celarg\">\r\n\t\t\t\t<div class=\"pa-gallery-img default\" onclick=\"\">\r\n\t\t\t\t\t<div class=\"pa-gallery-img-container\">\r\n\t\t\t\t\t\t\t\t<img decoding=\"async\" width=\"1200\" height=\"800\" src=\"https:\/\/teatrela.escenaglobal.net\/wp-content\/uploads\/2023\/01\/013.jpg\" class=\"attachment-full size-full wp-image-140620\" alt=\"\" loading=\"lazy\" srcset=\"https:\/\/teatrela.escenaglobal.net\/wp-content\/uploads\/2023\/01\/013.jpg 1200w, https:\/\/teatrela.escenaglobal.net\/wp-content\/uploads\/2023\/01\/013-300x200.jpg 300w, https:\/\/teatrela.escenaglobal.net\/wp-content\/uploads\/2023\/01\/013-1024x683.jpg 1024w, https:\/\/teatrela.escenaglobal.net\/wp-content\/uploads\/2023\/01\/013-768x512.jpg 768w, https:\/\/teatrela.escenaglobal.net\/wp-content\/uploads\/2023\/01\/013-930x620.jpg 930w\" sizes=\"(max-width: 1200px) 100vw, 1200px\" \/>\t\t\t\t\t\t\t<\/div>\r\n\t\t\t\t\t\t\t\t\t\t\t\t<div class=\"pa-gallery-icons-wrapper\">\r\n\t\t\t\t\t\t\t\t<div class=\"pa-gallery-icons-inner-container\">\r\n\t\t\t\t\t\t\t\t\t\r\n\t\t\t\t\t<a class=\"pa-gallery-magnific-image\" href=\"http:\/\/teatrela.escenaglobal.net\/wp-content\/uploads\/2023\/01\/013.jpg\" data-elementor-open-lightbox=\"yes\" data-elementor-lightbox-slideshow=\"57e302c\" data-elementor-lightbox-title=\"013\">\r\n\t\t\t\t\t\t<span>\r\n\t\t\t\t\t\t\t<i aria-hidden=\"true\" class=\"fas fa-search\"><\/i>\t\t\t\t\t\t<\/span>\r\n\t\t\t\t\t<\/a>\r\n\t\t\t\t\t\t\t\t\t\t\t\t<\/div>\r\n\t\t\t\t\t\t\t<\/div>\r\n\t\t\t\t\t\t\t\t\t\t\t<\/div>\r\n\t\t\t<\/div>\r\n\t\t\t\t\t\t\t<div class=\"premium-gallery-item elementor-repeater-item-b9c5020 fundaci\u00f3n-celarg\">\r\n\t\t\t\t<div class=\"pa-gallery-img default\" onclick=\"\">\r\n\t\t\t\t\t<div class=\"pa-gallery-img-container\">\r\n\t\t\t\t\t\t\t\t<img decoding=\"async\" width=\"1200\" height=\"800\" src=\"https:\/\/teatrela.escenaglobal.net\/wp-content\/uploads\/2023\/01\/010.jpg\" class=\"attachment-full size-full wp-image-140618\" alt=\"\" loading=\"lazy\" srcset=\"https:\/\/teatrela.escenaglobal.net\/wp-content\/uploads\/2023\/01\/010.jpg 1200w, https:\/\/teatrela.escenaglobal.net\/wp-content\/uploads\/2023\/01\/010-300x200.jpg 300w, https:\/\/teatrela.escenaglobal.net\/wp-content\/uploads\/2023\/01\/010-1024x683.jpg 1024w, https:\/\/teatrela.escenaglobal.net\/wp-content\/uploads\/2023\/01\/010-768x512.jpg 768w, https:\/\/teatrela.escenaglobal.net\/wp-content\/uploads\/2023\/01\/010-930x620.jpg 930w\" sizes=\"(max-width: 1200px) 100vw, 1200px\" \/>\t\t\t\t\t\t\t<\/div>\r\n\t\t\t\t\t\t\t\t\t\t\t\t<div class=\"pa-gallery-icons-wrapper\">\r\n\t\t\t\t\t\t\t\t<div class=\"pa-gallery-icons-inner-container\">\r\n\t\t\t\t\t\t\t\t\t\r\n\t\t\t\t\t<a class=\"pa-gallery-magnific-image\" href=\"http:\/\/teatrela.escenaglobal.net\/wp-content\/uploads\/2023\/01\/010.jpg\" data-elementor-open-lightbox=\"yes\" data-elementor-lightbox-slideshow=\"57e302c\" data-elementor-lightbox-title=\"010\">\r\n\t\t\t\t\t\t<span>\r\n\t\t\t\t\t\t\t<i aria-hidden=\"true\" class=\"fas fa-search\"><\/i>\t\t\t\t\t\t<\/span>\r\n\t\t\t\t\t<\/a>\r\n\t\t\t\t\t\t\t\t\t\t\t\t<\/div>\r\n\t\t\t\t\t\t\t<\/div>\r\n\t\t\t\t\t\t\t\t\t\t\t<\/div>\r\n\t\t\t<\/div>\r\n\t\t\t\t\t\t\t<div class=\"premium-gallery-item elementor-repeater-item-dfc5142 fundaci\u00f3n-celarg\">\r\n\t\t\t\t<div class=\"pa-gallery-img default\" onclick=\"\">\r\n\t\t\t\t\t<div class=\"pa-gallery-img-container\">\r\n\t\t\t\t\t\t\t\t<img decoding=\"async\" src=\"http:\/\/teatrela.escenaglobal.net\/wp-content\/uploads\/2021\/05\/misa-profana-11387.jpg\" title=\"\" alt=\"\" loading=\"lazy\" \/>\t\t\t\t\t\t\t<\/div>\r\n\t\t\t\t\t\t\t\t\t\t\t\t<div class=\"pa-gallery-icons-wrapper\">\r\n\t\t\t\t\t\t\t\t<div class=\"pa-gallery-icons-inner-container\">\r\n\t\t\t\t\t\t\t\t\t\r\n\t\t\t\t\t<a class=\"pa-gallery-magnific-image\" href=\"http:\/\/teatrela.escenaglobal.net\/wp-content\/uploads\/2021\/05\/misa-profana-11387.jpg\" data-elementor-open-lightbox=\"yes\" data-elementor-lightbox-slideshow=\"57e302c\" data-elementor-lightbox-title=\"\">\r\n\t\t\t\t\t\t<span>\r\n\t\t\t\t\t\t\t<i aria-hidden=\"true\" class=\"fas fa-search\"><\/i>\t\t\t\t\t\t<\/span>\r\n\t\t\t\t\t<\/a>\r\n\t\t\t\t\t\t\t\t\t\t\t\t<\/div>\r\n\t\t\t\t\t\t\t<\/div>\r\n\t\t\t\t\t\t\t\t\t\t\t<\/div>\r\n\t\t\t<\/div>\r\n\t\t\t\t\t\t\t<div class=\"premium-gallery-item elementor-repeater-item-cafa43e fundaci\u00f3n-celarg\">\r\n\t\t\t\t<div class=\"pa-gallery-img default\" onclick=\"\">\r\n\t\t\t\t\t<div class=\"pa-gallery-img-container\">\r\n\t\t\t\t\t\t\t\t<img decoding=\"async\" width=\"1200\" height=\"800\" src=\"https:\/\/teatrela.escenaglobal.net\/wp-content\/uploads\/2023\/01\/011.jpg\" class=\"attachment-full size-full wp-image-140619\" alt=\"\" loading=\"lazy\" srcset=\"https:\/\/teatrela.escenaglobal.net\/wp-content\/uploads\/2023\/01\/011.jpg 1200w, https:\/\/teatrela.escenaglobal.net\/wp-content\/uploads\/2023\/01\/011-300x200.jpg 300w, https:\/\/teatrela.escenaglobal.net\/wp-content\/uploads\/2023\/01\/011-1024x683.jpg 1024w, https:\/\/teatrela.escenaglobal.net\/wp-content\/uploads\/2023\/01\/011-768x512.jpg 768w, https:\/\/teatrela.escenaglobal.net\/wp-content\/uploads\/2023\/01\/011-930x620.jpg 930w\" sizes=\"(max-width: 1200px) 100vw, 1200px\" \/>\t\t\t\t\t\t\t<\/div>\r\n\t\t\t\t\t\t\t\t\t\t\t\t<div class=\"pa-gallery-icons-wrapper\">\r\n\t\t\t\t\t\t\t\t<div class=\"pa-gallery-icons-inner-container\">\r\n\t\t\t\t\t\t\t\t\t\r\n\t\t\t\t\t<a class=\"pa-gallery-magnific-image\" href=\"http:\/\/teatrela.escenaglobal.net\/wp-content\/uploads\/2023\/01\/011.jpg\" data-elementor-open-lightbox=\"yes\" data-elementor-lightbox-slideshow=\"57e302c\" data-elementor-lightbox-title=\"011\">\r\n\t\t\t\t\t\t<span>\r\n\t\t\t\t\t\t\t<i aria-hidden=\"true\" class=\"fas fa-search\"><\/i>\t\t\t\t\t\t<\/span>\r\n\t\t\t\t\t<\/a>\r\n\t\t\t\t\t\t\t\t\t\t\t\t<\/div>\r\n\t\t\t\t\t\t\t<\/div>\r\n\t\t\t\t\t\t\t\t\t\t\t<\/div>\r\n\t\t\t<\/div>\r\n\t\t\t\t\t\t\t<div class=\"premium-gallery-item elementor-repeater-item-14733af promos\">\r\n\t\t\t\t<div class=\"pa-gallery-img default\" onclick=\"\">\r\n\t\t\t\t\t<div class=\"pa-gallery-img-container\">\r\n\t\t\t\t\t\t\t\t<img decoding=\"async\" width=\"1280\" height=\"720\" src=\"https:\/\/teatrela.escenaglobal.net\/wp-content\/uploads\/2023\/01\/FLYER-CELARG-NUEVO-1.jpg\" class=\"attachment-full size-full wp-image-140626\" alt=\"\" loading=\"lazy\" srcset=\"https:\/\/teatrela.escenaglobal.net\/wp-content\/uploads\/2023\/01\/FLYER-CELARG-NUEVO-1.jpg 1280w, https:\/\/teatrela.escenaglobal.net\/wp-content\/uploads\/2023\/01\/FLYER-CELARG-NUEVO-1-300x169.jpg 300w, https:\/\/teatrela.escenaglobal.net\/wp-content\/uploads\/2023\/01\/FLYER-CELARG-NUEVO-1-1024x576.jpg 1024w, https:\/\/teatrela.escenaglobal.net\/wp-content\/uploads\/2023\/01\/FLYER-CELARG-NUEVO-1-768x432.jpg 768w\" sizes=\"(max-width: 1280px) 100vw, 1280px\" \/>\t\t\t\t\t\t\t<\/div>\r\n\t\t\t\t\t\t\t\t\t\t\t\t<div class=\"pa-gallery-icons-wrapper\">\r\n\t\t\t\t\t\t\t\t<div class=\"pa-gallery-icons-inner-container\">\r\n\t\t\t\t\t\t\t\t\t\r\n\t\t\t\t\t<a class=\"pa-gallery-magnific-image\" href=\"http:\/\/teatrela.escenaglobal.net\/wp-content\/uploads\/2023\/01\/FLYER-CELARG-NUEVO-1.jpg\" data-elementor-open-lightbox=\"yes\" data-elementor-lightbox-slideshow=\"57e302c\" data-elementor-lightbox-title=\"FLYER CELARG NUEVO 1\">\r\n\t\t\t\t\t\t<span>\r\n\t\t\t\t\t\t\t<i aria-hidden=\"true\" class=\"fas fa-search\"><\/i>\t\t\t\t\t\t<\/span>\r\n\t\t\t\t\t<\/a>\r\n\t\t\t\t\t\t\t\t\t\t\t\t<\/div>\r\n\t\t\t\t\t\t\t<\/div>\r\n\t\t\t\t\t\t\t\t\t\t\t<\/div>\r\n\t\t\t<\/div>\r\n\t\t\t\t\t\t\t<div class=\"premium-gallery-item elementor-repeater-item-9683ddc promos\">\r\n\t\t\t\t<div class=\"pa-gallery-img default\" onclick=\"\">\r\n\t\t\t\t\t<div class=\"pa-gallery-img-container\">\r\n\t\t\t\t\t\t\t\t<img decoding=\"async\" width=\"1280\" height=\"835\" src=\"https:\/\/teatrela.escenaglobal.net\/wp-content\/uploads\/2023\/01\/PENDON-MISA-PROFANA-JPEG.jpg\" class=\"attachment-full size-full wp-image-140627\" alt=\"\" loading=\"lazy\" srcset=\"https:\/\/teatrela.escenaglobal.net\/wp-content\/uploads\/2023\/01\/PENDON-MISA-PROFANA-JPEG.jpg 1280w, https:\/\/teatrela.escenaglobal.net\/wp-content\/uploads\/2023\/01\/PENDON-MISA-PROFANA-JPEG-300x196.jpg 300w, https:\/\/teatrela.escenaglobal.net\/wp-content\/uploads\/2023\/01\/PENDON-MISA-PROFANA-JPEG-1024x668.jpg 1024w, https:\/\/teatrela.escenaglobal.net\/wp-content\/uploads\/2023\/01\/PENDON-MISA-PROFANA-JPEG-768x501.jpg 768w\" sizes=\"(max-width: 1280px) 100vw, 1280px\" \/>\t\t\t\t\t\t\t<\/div>\r\n\t\t\t\t\t\t\t\t\t\t\t\t<div class=\"pa-gallery-icons-wrapper\">\r\n\t\t\t\t\t\t\t\t<div class=\"pa-gallery-icons-inner-container\">\r\n\t\t\t\t\t\t\t\t\t\r\n\t\t\t\t\t<a class=\"pa-gallery-magnific-image\" href=\"http:\/\/teatrela.escenaglobal.net\/wp-content\/uploads\/2023\/01\/PENDON-MISA-PROFANA-JPEG.jpg\" data-elementor-open-lightbox=\"yes\" data-elementor-lightbox-slideshow=\"57e302c\" data-elementor-lightbox-title=\"PENDON MISA PROFANA JPEG\">\r\n\t\t\t\t\t\t<span>\r\n\t\t\t\t\t\t\t<i aria-hidden=\"true\" class=\"fas fa-search\"><\/i>\t\t\t\t\t\t<\/span>\r\n\t\t\t\t\t<\/a>\r\n\t\t\t\t\t\t\t\t\t\t\t\t<\/div>\r\n\t\t\t\t\t\t\t<\/div>\r\n\t\t\t\t\t\t\t\t\t\t\t<\/div>\r\n\t\t\t<\/div>\r\n\t\t\t\t\t\t\t<div class=\"premium-gallery-item elementor-repeater-item-e0d0de4 prensa\">\r\n\t\t\t\t<div class=\"pa-gallery-img default\" onclick=\"\">\r\n\t\t\t\t\t<div class=\"pa-gallery-img-container\">\r\n\t\t\t\t\t\t\t\t<img decoding=\"async\" width=\"2758\" height=\"1933\" src=\"https:\/\/teatrela.escenaglobal.net\/wp-content\/uploads\/2023\/01\/La-misa-profana_-de-Andres-Martinez-en-la-sala-1-del-Celarg.png\" class=\"attachment-full size-full wp-image-140613\" alt=\"\" loading=\"lazy\" srcset=\"https:\/\/teatrela.escenaglobal.net\/wp-content\/uploads\/2023\/01\/La-misa-profana_-de-Andres-Martinez-en-la-sala-1-del-Celarg.png 2758w, https:\/\/teatrela.escenaglobal.net\/wp-content\/uploads\/2023\/01\/La-misa-profana_-de-Andres-Martinez-en-la-sala-1-del-Celarg-300x210.png 300w, https:\/\/teatrela.escenaglobal.net\/wp-content\/uploads\/2023\/01\/La-misa-profana_-de-Andres-Martinez-en-la-sala-1-del-Celarg-1024x718.png 1024w, https:\/\/teatrela.escenaglobal.net\/wp-content\/uploads\/2023\/01\/La-misa-profana_-de-Andres-Martinez-en-la-sala-1-del-Celarg-768x538.png 768w, https:\/\/teatrela.escenaglobal.net\/wp-content\/uploads\/2023\/01\/La-misa-profana_-de-Andres-Martinez-en-la-sala-1-del-Celarg-1536x1077.png 1536w, https:\/\/teatrela.escenaglobal.net\/wp-content\/uploads\/2023\/01\/La-misa-profana_-de-Andres-Martinez-en-la-sala-1-del-Celarg-2048x1435.png 2048w\" sizes=\"(max-width: 2758px) 100vw, 2758px\" \/>\t\t\t\t\t\t\t<\/div>\r\n\t\t\t\t\t\t\t\t\t\t\t\t<div class=\"pa-gallery-icons-wrapper\">\r\n\t\t\t\t\t\t\t\t<div class=\"pa-gallery-icons-inner-container\">\r\n\t\t\t\t\t\t\t\t\t\r\n\t\t\t\t\t<a class=\"pa-gallery-magnific-image\" href=\"http:\/\/teatrela.escenaglobal.net\/wp-content\/uploads\/2023\/01\/La-misa-profana_-de-Andres-Martinez-en-la-sala-1-del-Celarg.png\" data-elementor-open-lightbox=\"yes\" data-elementor-lightbox-slideshow=\"57e302c\" data-elementor-lightbox-title=\"_La misa profana_ de Andre\u0301s Marti\u0301nez en la sala 1 del Celarg\">\r\n\t\t\t\t\t\t<span>\r\n\t\t\t\t\t\t\t<i aria-hidden=\"true\" class=\"fas fa-search\"><\/i>\t\t\t\t\t\t<\/span>\r\n\t\t\t\t\t<\/a>\r\n\t\t\t\t\t\t\t\t\t\t\t\t<\/div>\r\n\t\t\t\t\t\t\t<\/div>\r\n\t\t\t\t\t\t\t\t\t\t\t\t\t\t<a class=\"pa-gallery-whole-link\" href=\"http:\/\/teatrela.escenaglobal.net\/wp-content\/uploads\/2023\/01\/La-misa-profana_-de-Andres-Martinez-en-la-sala-1-del-Celarg.pdf\">\r\n\t\t\t\t\t\t\t\t<span>\r\n\t\t\t\t\t\t\t\t\t\t\t\t\t\t\t\t\t<\/span>\r\n\t\t\t\t\t\t\t<\/a>\r\n\t\t\t\t\t\t\t\t\t\t\t<\/div>\r\n\t\t\t<\/div>\r\n\t\t\t\t\t\t\t<div class=\"premium-gallery-item elementor-repeater-item-08030dd prensa\">\r\n\t\t\t\t<div class=\"pa-gallery-img default\" onclick=\"\">\r\n\t\t\t\t\t<div class=\"pa-gallery-img-container\">\r\n\t\t\t\t\t\t\t\t<img decoding=\"async\" width=\"2962\" height=\"1638\" src=\"https:\/\/teatrela.escenaglobal.net\/wp-content\/uploads\/2023\/01\/Una-Misa-profana-sera-el-acto-central-para-celebrar-los-70-anos-de-la-escuela-Juana-Sujo-_.png\" class=\"attachment-full size-full wp-image-140615\" alt=\"\" loading=\"lazy\" srcset=\"https:\/\/teatrela.escenaglobal.net\/wp-content\/uploads\/2023\/01\/Una-Misa-profana-sera-el-acto-central-para-celebrar-los-70-anos-de-la-escuela-Juana-Sujo-_.png 2962w, https:\/\/teatrela.escenaglobal.net\/wp-content\/uploads\/2023\/01\/Una-Misa-profana-sera-el-acto-central-para-celebrar-los-70-anos-de-la-escuela-Juana-Sujo-_-300x166.png 300w, https:\/\/teatrela.escenaglobal.net\/wp-content\/uploads\/2023\/01\/Una-Misa-profana-sera-el-acto-central-para-celebrar-los-70-anos-de-la-escuela-Juana-Sujo-_-1024x566.png 1024w, https:\/\/teatrela.escenaglobal.net\/wp-content\/uploads\/2023\/01\/Una-Misa-profana-sera-el-acto-central-para-celebrar-los-70-anos-de-la-escuela-Juana-Sujo-_-768x425.png 768w, https:\/\/teatrela.escenaglobal.net\/wp-content\/uploads\/2023\/01\/Una-Misa-profana-sera-el-acto-central-para-celebrar-los-70-anos-de-la-escuela-Juana-Sujo-_-1536x849.png 1536w, https:\/\/teatrela.escenaglobal.net\/wp-content\/uploads\/2023\/01\/Una-Misa-profana-sera-el-acto-central-para-celebrar-los-70-anos-de-la-escuela-Juana-Sujo-_-2048x1133.png 2048w\" sizes=\"(max-width: 2962px) 100vw, 2962px\" \/>\t\t\t\t\t\t\t<\/div>\r\n\t\t\t\t\t\t\t\t\t\t\t\t<div class=\"pa-gallery-icons-wrapper\">\r\n\t\t\t\t\t\t\t\t<div class=\"pa-gallery-icons-inner-container\">\r\n\t\t\t\t\t\t\t\t\t\r\n\t\t\t\t\t<a class=\"pa-gallery-magnific-image\" href=\"http:\/\/teatrela.escenaglobal.net\/wp-content\/uploads\/2023\/01\/Una-Misa-profana-sera-el-acto-central-para-celebrar-los-70-anos-de-la-escuela-Juana-Sujo-_.png\" data-elementor-open-lightbox=\"yes\" data-elementor-lightbox-slideshow=\"57e302c\" data-elementor-lightbox-title=\"Una &#039;Misa profana&#039; sera\u0301 el acto central para celebrar los 70 an\u0303os de la escuela Juana Sujo _\">\r\n\t\t\t\t\t\t<span>\r\n\t\t\t\t\t\t\t<i aria-hidden=\"true\" class=\"fas fa-search\"><\/i>\t\t\t\t\t\t<\/span>\r\n\t\t\t\t\t<\/a>\r\n\t\t\t\t\t\t\t\t\t\t\t\t<\/div>\r\n\t\t\t\t\t\t\t<\/div>\r\n\t\t\t\t\t\t\t\t\t\t\t\t\t\t<a class=\"pa-gallery-whole-link\" href=\"http:\/\/teatrela.escenaglobal.net\/wp-content\/uploads\/2023\/01\/Una-Misa-profana-sera-el-acto-central-para-celebrar-los-70-anos-de-la-escuela-Juana-Sujo-_.pdf\">\r\n\t\t\t\t\t\t\t\t<span>\r\n\t\t\t\t\t\t\t\t\t\t\t\t\t\t\t\t\t<\/span>\r\n\t\t\t\t\t\t\t<\/a>\r\n\t\t\t\t\t\t\t\t\t\t\t<\/div>\r\n\t\t\t<\/div>\r\n\t\t\t\r\n\t\t\t\t\t<\/div>\r\n\r\n\t\t\r\n\t<\/div>\r\n\r\n\t\t\r\n\t\t\r\n\t\t\t\t<\/div>\n\t\t\t\t<\/div>\n\t\t\t\t<div class=\"elementor-element elementor-element-dba3b04 elementor-widget elementor-widget-text-editor\" data-id=\"dba3b04\" data-element_type=\"widget\" data-widget_type=\"text-editor.default\">\n\t\t\t\t<div class=\"elementor-widget-container\">\n\t\t\t\t\t\t\t\t<div class=\"elementor-text-editor elementor-clearfix\">\n\t\t\t\t<p style=\"text-align: center;\"><a href=\"#InicioGaleria\">Volver al inicio de la galer\u00eda<\/a><\/p>\t\t\t\t\t<\/div>\n\t\t\t\t\t\t<\/div>\n\t\t\t\t<\/div>\n\t\t\t\t\t\t<\/div>\n\t\t\t\t\t<\/div>\n\t\t<\/div>\n\t\t\t\t\t\t\t\t<\/div>\n\t\t\t\t\t<\/div>\n\t\t<\/section>\n\t\t\t\t<section class=\"elementor-section elementor-top-section elementor-element elementor-element-d22c8c0 elementor-section-boxed elementor-section-height-default elementor-section-height-default\" data-id=\"d22c8c0\" data-element_type=\"section\">\n\t\t\t\t\t\t\t<div class=\"elementor-background-overlay\"><\/div>\n\t\t\t\t\t\t\t<div class=\"elementor-container elementor-column-gap-default\">\n\t\t\t\t\t\t\t<div class=\"elementor-row\">\n\t\t\t\t\t<div class=\"elementor-column elementor-col-100 elementor-top-column elementor-element elementor-element-21b957a\" data-id=\"21b957a\" data-element_type=\"column\">\n\t\t\t<div class=\"elementor-column-wrap elementor-element-populated\">\n\t\t\t\t\t\t\t<div class=\"elementor-widget-wrap\">\n\t\t\t\t\t\t<div class=\"elementor-element elementor-element-568be76 elementor-widget elementor-widget-spacer\" data-id=\"568be76\" data-element_type=\"widget\" data-widget_type=\"spacer.default\">\n\t\t\t\t<div class=\"elementor-widget-container\">\n\t\t\t\t\t<div class=\"elementor-spacer\">\n\t\t\t<div class=\"elementor-spacer-inner\"><\/div>\n\t\t<\/div>\n\t\t\t\t<\/div>\n\t\t\t\t<\/div>\n\t\t\t\t<div class=\"elementor-element elementor-element-ae553f5 premium-blog-align-left elementor-invisible elementor-widget elementor-widget-premium-addon-blog\" data-id=\"ae553f5\" data-element_type=\"widget\" data-settings=\"{&quot;_animation&quot;:&quot;zoomIn&quot;,&quot;premium_blog_grid&quot;:&quot;yes&quot;,&quot;premium_blog_layout&quot;:&quot;even&quot;,&quot;premium_blog_columns_number&quot;:&quot;50%&quot;,&quot;premium_blog_columns_number_tablet&quot;:&quot;50%&quot;,&quot;premium_blog_columns_number_mobile&quot;:&quot;100%&quot;}\" data-widget_type=\"premium-addon-blog.default\">\n\t\t\t\t<div class=\"elementor-widget-container\">\n\t\t\t\r\n\t\t\t\t<div class=\"premium-blog-wrap  premium-blog-even\" data-page=\"140633\">\r\n\t\t\t\t\t<div class=\"premium-blog-post-outer-container\" data-total=\"27\">\n\t\t\t<div class=\"premium-blog-post-container premium-blog-skin-side\">\n\t\t\t\t\t\t\t\t\t<div class=\"premium-blog-thumb-effect-wrapper\">\n\t\t\t\t\t\t<div class=\"premium-blog-thumbnail-container premium-blog-zoomin-effect\">\n\t\t\t\t\t\t\t<img decoding=\"async\" width=\"900\" height=\"600\" src=\"https:\/\/teatrela.escenaglobal.net\/wp-content\/uploads\/2023\/02\/Imagen-destacada-Mi-Reino-por-un-sueno-Ligera.jpg\" class=\"attachment-full size-full wp-image-141602\" alt=\"\" loading=\"lazy\" srcset=\"https:\/\/teatrela.escenaglobal.net\/wp-content\/uploads\/2023\/02\/Imagen-destacada-Mi-Reino-por-un-sueno-Ligera.jpg 900w, https:\/\/teatrela.escenaglobal.net\/wp-content\/uploads\/2023\/02\/Imagen-destacada-Mi-Reino-por-un-sueno-Ligera-300x200.jpg 300w, https:\/\/teatrela.escenaglobal.net\/wp-content\/uploads\/2023\/02\/Imagen-destacada-Mi-Reino-por-un-sueno-Ligera-768x512.jpg 768w\" sizes=\"(max-width: 900px) 100vw, 900px\" \/>\t\t\t\t\t\t<\/div>\n\t\t\t\t\t\t\t\t\t\t\t\t\t<div class=\"premium-blog-thumbnail-overlay\">\n\t\t\t\t\t\t\t\t<a class=\"elementor-icon\" href=\"https:\/\/teatrela.escenaglobal.net\/index.php\/2023\/02\/10\/mi-reino-por-un-sueno\/\" target=\"_self\" aria-hidden=\"true\"><\/a>\n\t\t\t\t\t\t\t<\/div>\n\t\t\t\t\t\t\t\t\t\t\t<\/div>\n\t\t\t\t\t\t\t\t\t\t\t\t<div class=\"premium-blog-content-wrapper \">\n\n\t\t\t\t\t<div class=\"premium-blog-inner-container\">\n\n\t\t\t\t\t\t\t\t\t\t\t\t\t<div class=\"premium-blog-cats-container\">\n\t\t\t\t\t\t\t\t<ul class=\"post-categories\">\n\t\t\t\t\t\t\t\t\t<li><a href=\"https:\/\/teatrela.escenaglobal.net\/index.php\/category\/montajes\/\" class=\"elementor-repeater-item-31483df\">Montajes<\/a><\/li>\t\t\t\t\t\t\t\t<\/ul>\n\t\t\t\t\t\t\t<\/div>\n\t\t\t\t\t\t\t\t\t\t\t\t\t\t<h2 class=\"premium-blog-entry-title\">\n\t\t\t<a href=\"https:\/\/teatrela.escenaglobal.net\/index.php\/2023\/02\/10\/mi-reino-por-un-sueno\/\" target=\"_self\">\n\t\t\t\tMi Reino por un Sue\u00f1o\t\t\t<\/a>\n\t\t<\/h2>\n\t\t\t\t<div class=\"premium-blog-entry-meta\">\n\t\t\t\t\t\t\t<div class=\"premium-blog-post-author premium-blog-meta-data\">\n\t\t\t\t\t<i class=\"fa fa-user fa-fw\" aria-hidden=\"true\"><\/i>\n\t\t\t\t\t<a href=\"https:\/\/teatrela.escenaglobal.net\/index.php\/author\/teatrela\/\" title=\"Entradas de Teatrela\" rel=\"author\">Teatrela<\/a>\t\t\t\t<\/div>\n\t\t\t\n\t\t\t\t\t\t\t<span class=\"premium-blog-meta-separator\">\u2022<\/span>\n\t\t\t\t<div class=\"premium-blog-post-time premium-blog-meta-data\">\n\t\t\t\t\t<i class=\"fa fa-clock-o\" aria-hidden=\"true\"><\/i>\n\t\t\t\t\t<span>10 de febrero de 2023<\/span>\n\t\t\t\t<\/div>\n\t\t\t\n\t\t\t\n\t\t\t\t\t<\/div>\n\t\t\n\t\t\t\t\t<\/div>\n\n\t\t\t\t\t<p class=\"premium-blog-post-content\">El 24 de febrero de 2011 se estren\u00f3 en la Sala Marco Antonio Ettedgui de la Fudaci\u00f3n Rajatabla, en la ciudad de Caracas, este magn\u00edfico montaje teatral que recrea la vida y obra del gran poeta cuman\u00e9s Jos\u00e9 Antonio Ramos Sucre, bisnieto del Gran Mariscal de Ayacucho. Esta premiada obra del autor venezolano Jos\u00e9 Antonio Barrios fue versionada y dirigida magistralmente en forma de cantata por Costa Palamides, con m\u00fasica original de Pantelis Palamidis.<\/p>\t\t\t\t\t\n\t\t\t\t<\/div>\n\t\t\t<\/div>\n\t\t<\/div>\n\n\t\t\t\t<div class=\"premium-blog-post-outer-container\" data-total=\"27\">\n\t\t\t<div class=\"premium-blog-post-container premium-blog-skin-side\">\n\t\t\t\t\t\t\t\t\t<div class=\"premium-blog-thumb-effect-wrapper\">\n\t\t\t\t\t\t<div class=\"premium-blog-thumbnail-container premium-blog-zoomin-effect\">\n\t\t\t\t\t\t\t<img decoding=\"async\" width=\"900\" height=\"600\" src=\"https:\/\/teatrela.escenaglobal.net\/wp-content\/uploads\/2023\/02\/Imagen-destacada-Mi-Reino-por-un-sueno-Ligera.jpg\" class=\"attachment-full size-full wp-image-141602\" alt=\"\" loading=\"lazy\" srcset=\"https:\/\/teatrela.escenaglobal.net\/wp-content\/uploads\/2023\/02\/Imagen-destacada-Mi-Reino-por-un-sueno-Ligera.jpg 900w, https:\/\/teatrela.escenaglobal.net\/wp-content\/uploads\/2023\/02\/Imagen-destacada-Mi-Reino-por-un-sueno-Ligera-300x200.jpg 300w, https:\/\/teatrela.escenaglobal.net\/wp-content\/uploads\/2023\/02\/Imagen-destacada-Mi-Reino-por-un-sueno-Ligera-768x512.jpg 768w\" sizes=\"(max-width: 900px) 100vw, 900px\" \/>\t\t\t\t\t\t<\/div>\n\t\t\t\t\t\t\t\t\t\t\t\t\t<div class=\"premium-blog-thumbnail-overlay\">\n\t\t\t\t\t\t\t\t<a class=\"elementor-icon\" href=\"https:\/\/teatrela.escenaglobal.net\/index.php\/2023\/02\/10\/mi-reino-por-un-sueno-sinopsis-del-montaje\/\" target=\"_self\" aria-hidden=\"true\"><\/a>\n\t\t\t\t\t\t\t<\/div>\n\t\t\t\t\t\t\t\t\t\t\t<\/div>\n\t\t\t\t\t\t\t\t\t\t\t\t<div class=\"premium-blog-content-wrapper \">\n\n\t\t\t\t\t<div class=\"premium-blog-inner-container\">\n\n\t\t\t\t\t\t\t\t\t\t\t\t\t<div class=\"premium-blog-cats-container\">\n\t\t\t\t\t\t\t\t<ul class=\"post-categories\">\n\t\t\t\t\t\t\t\t\t<li><a href=\"https:\/\/teatrela.escenaglobal.net\/index.php\/category\/sinopsis-de-montajes\/\" class=\"elementor-repeater-item-31483df\">Sinopsis de montajes<\/a><\/li>\t\t\t\t\t\t\t\t<\/ul>\n\t\t\t\t\t\t\t<\/div>\n\t\t\t\t\t\t\t\t\t\t\t\t\t\t<h2 class=\"premium-blog-entry-title\">\n\t\t\t<a href=\"https:\/\/teatrela.escenaglobal.net\/index.php\/2023\/02\/10\/mi-reino-por-un-sueno-sinopsis-del-montaje\/\" target=\"_self\">\n\t\t\t\tMi Reino por un Sue\u00f1o (Sinopsis del Montaje)\t\t\t<\/a>\n\t\t<\/h2>\n\t\t\t\t<div class=\"premium-blog-entry-meta\">\n\t\t\t\t\t\t\t<div class=\"premium-blog-post-author premium-blog-meta-data\">\n\t\t\t\t\t<i class=\"fa fa-user fa-fw\" aria-hidden=\"true\"><\/i>\n\t\t\t\t\t<a href=\"https:\/\/teatrela.escenaglobal.net\/index.php\/author\/teatrela\/\" title=\"Entradas de Teatrela\" rel=\"author\">Teatrela<\/a>\t\t\t\t<\/div>\n\t\t\t\n\t\t\t\t\t\t\t<span class=\"premium-blog-meta-separator\">\u2022<\/span>\n\t\t\t\t<div class=\"premium-blog-post-time premium-blog-meta-data\">\n\t\t\t\t\t<i class=\"fa fa-clock-o\" aria-hidden=\"true\"><\/i>\n\t\t\t\t\t<span>10 de febrero de 2023<\/span>\n\t\t\t\t<\/div>\n\t\t\t\n\t\t\t\n\t\t\t\t\t<\/div>\n\t\t\n\t\t\t\t\t<\/div>\n\n\t\t\t\t\t<p class=\"premium-blog-post-content\">Sinopsis descriptiva y ficha art\u00edstica de nuestro montaje \"Mi Reino por un Sue\u00f1o\".<\/p>\t\t\t\t\t\n\t\t\t\t<\/div>\n\t\t\t<\/div>\n\t\t<\/div>\n\n\t\t\t\t<\/div>\r\n\r\n\t\t\t\t<\/div>\n\t\t\t\t<\/div>\n\t\t\t\t<div class=\"elementor-element elementor-element-2a8e25a elementor-widget elementor-widget-spacer\" data-id=\"2a8e25a\" data-element_type=\"widget\" data-widget_type=\"spacer.default\">\n\t\t\t\t<div class=\"elementor-widget-container\">\n\t\t\t\t\t<div class=\"elementor-spacer\">\n\t\t\t<div class=\"elementor-spacer-inner\"><\/div>\n\t\t<\/div>\n\t\t\t\t<\/div>\n\t\t\t\t<\/div>\n\t\t\t\t\t\t<\/div>\n\t\t\t\t\t<\/div>\n\t\t<\/div>\n\t\t\t\t\t\t\t\t<\/div>\n\t\t\t\t\t<\/div>\n\t\t<\/section>\n\t\t\t\t\t\t\t\t\t<\/div>\n\t\t\t<\/div>\n\t\t\t\t\t<\/div>\n\t\t","protected":false},"excerpt":{"rendered":"<p>En noviembre de 2018, en la sala 1 del CELARG, en la ciudad de Caracas, Venezuela, se estren\u00f3 el espect\u00e1culo teatral \u00abLa Misa Profana\u00bb, de Andr\u00e9s Mart\u00ednez, como parte de la programaci\u00f3n del 70\u00b0 aniversario de la Escuela Superior de Artes Esc\u00e9nicas Juana Sujo. Dirigida por Costa Palamides, la pieza es un agresivo reflejo de una violencia que vivimos de manera cotidiana, pero utilizando los m\u00e9ritos del creador.<\/p>\n","protected":false},"author":2,"featured_media":140675,"comment_status":"closed","ping_status":"open","sticky":false,"template":"elementor_header_footer","format":"standard","meta":{"neve_meta_sidebar":"full-width","neve_meta_container":"","neve_meta_enable_content_width":"","neve_meta_content_width":0,"neve_meta_title_alignment":"","neve_meta_author_avatar":"","neve_post_elements_order":"[\"content\"]","neve_meta_disable_header":"","neve_meta_disable_footer":"","neve_meta_disable_title":""},"categories":[8],"tags":[122],"yoast_head":"<!-- This site is optimized with the Yoast SEO plugin v21.1 - https:\/\/yoast.com\/wordpress\/plugins\/seo\/ -->\n<title>La Misa Profana - Teatrela<\/title>\n<meta name=\"robots\" content=\"index, follow, max-snippet:-1, max-image-preview:large, max-video-preview:-1\" \/>\n<link rel=\"canonical\" href=\"https:\/\/teatrela.escenaglobal.net\/index.php\/2023\/01\/11\/la-misa-profana\/\" \/>\n<meta property=\"og:locale\" content=\"es_ES\" \/>\n<meta property=\"og:type\" content=\"article\" \/>\n<meta property=\"og:title\" content=\"La Misa Profana - Teatrela\" \/>\n<meta property=\"og:description\" content=\"En noviembre de 2018, en la sala 1 del CELARG, en la ciudad de Caracas, Venezuela, se estren\u00f3 el espect\u00e1culo teatral &quot;La Misa Profana&quot;, de Andr\u00e9s Mart\u00ednez, como parte de la programaci\u00f3n del 70\u00b0 aniversario de la Escuela Superior de Artes Esc\u00e9nicas Juana Sujo. Dirigida por Costa Palamides, la pieza es un agresivo reflejo de una violencia que vivimos de manera cotidiana, pero utilizando los m\u00e9ritos del creador.\" \/>\n<meta property=\"og:url\" content=\"https:\/\/teatrela.escenaglobal.net\/index.php\/2023\/01\/11\/la-misa-profana\/\" \/>\n<meta property=\"og:site_name\" content=\"Teatrela\" \/>\n<meta property=\"article:published_time\" content=\"2023-01-11T22:47:26+00:00\" \/>\n<meta property=\"article:modified_time\" content=\"2023-01-12T01:59:20+00:00\" \/>\n<meta property=\"og:image\" content=\"http:\/\/teatrela.escenaglobal.net\/wp-content\/uploads\/2023\/01\/La-Misa-Profana-Destacada.jpg\" \/>\n\t<meta property=\"og:image:width\" content=\"900\" \/>\n\t<meta property=\"og:image:height\" content=\"675\" \/>\n\t<meta property=\"og:image:type\" content=\"image\/jpeg\" \/>\n<meta name=\"author\" content=\"Teatrela\" \/>\n<meta name=\"twitter:card\" content=\"summary_large_image\" \/>\n<meta name=\"twitter:label1\" content=\"Escrito por\" \/>\n\t<meta name=\"twitter:data1\" content=\"Teatrela\" \/>\n\t<meta name=\"twitter:label2\" content=\"Tiempo de lectura\" \/>\n\t<meta name=\"twitter:data2\" content=\"10 minutos\" \/>\n<script type=\"application\/ld+json\" class=\"yoast-schema-graph\">{\"@context\":\"https:\/\/schema.org\",\"@graph\":[{\"@type\":\"Article\",\"@id\":\"https:\/\/teatrela.escenaglobal.net\/index.php\/2023\/01\/11\/la-misa-profana\/#article\",\"isPartOf\":{\"@id\":\"https:\/\/teatrela.escenaglobal.net\/index.php\/2023\/01\/11\/la-misa-profana\/\"},\"author\":{\"name\":\"Teatrela\",\"@id\":\"https:\/\/teatrela.escenaglobal.net\/#\/schema\/person\/a4db300524a3221ff022492e2d8c96c5\"},\"headline\":\"La Misa Profana\",\"datePublished\":\"2023-01-11T22:47:26+00:00\",\"dateModified\":\"2023-01-12T01:59:20+00:00\",\"mainEntityOfPage\":{\"@id\":\"https:\/\/teatrela.escenaglobal.net\/index.php\/2023\/01\/11\/la-misa-profana\/\"},\"wordCount\":524,\"publisher\":{\"@id\":\"https:\/\/teatrela.escenaglobal.net\/#organization\"},\"keywords\":[\"La Misa Profana\"],\"articleSection\":[\"Montajes\"],\"inLanguage\":\"es\"},{\"@type\":\"WebPage\",\"@id\":\"https:\/\/teatrela.escenaglobal.net\/index.php\/2023\/01\/11\/la-misa-profana\/\",\"url\":\"https:\/\/teatrela.escenaglobal.net\/index.php\/2023\/01\/11\/la-misa-profana\/\",\"name\":\"La Misa Profana - Teatrela\",\"isPartOf\":{\"@id\":\"https:\/\/teatrela.escenaglobal.net\/#website\"},\"datePublished\":\"2023-01-11T22:47:26+00:00\",\"dateModified\":\"2023-01-12T01:59:20+00:00\",\"breadcrumb\":{\"@id\":\"https:\/\/teatrela.escenaglobal.net\/index.php\/2023\/01\/11\/la-misa-profana\/#breadcrumb\"},\"inLanguage\":\"es\",\"potentialAction\":[{\"@type\":\"ReadAction\",\"target\":[\"https:\/\/teatrela.escenaglobal.net\/index.php\/2023\/01\/11\/la-misa-profana\/\"]}]},{\"@type\":\"BreadcrumbList\",\"@id\":\"https:\/\/teatrela.escenaglobal.net\/index.php\/2023\/01\/11\/la-misa-profana\/#breadcrumb\",\"itemListElement\":[{\"@type\":\"ListItem\",\"position\":1,\"name\":\"Portada\",\"item\":\"https:\/\/teatrela.escenaglobal.net\/\"},{\"@type\":\"ListItem\",\"position\":2,\"name\":\"La Misa Profana\"}]},{\"@type\":\"WebSite\",\"@id\":\"https:\/\/teatrela.escenaglobal.net\/#website\",\"url\":\"https:\/\/teatrela.escenaglobal.net\/\",\"name\":\"Teatrela\",\"description\":\"Teatro de Repertorio Latinoamericano\",\"publisher\":{\"@id\":\"https:\/\/teatrela.escenaglobal.net\/#organization\"},\"potentialAction\":[{\"@type\":\"SearchAction\",\"target\":{\"@type\":\"EntryPoint\",\"urlTemplate\":\"https:\/\/teatrela.escenaglobal.net\/?s={search_term_string}\"},\"query-input\":\"required name=search_term_string\"}],\"inLanguage\":\"es\"},{\"@type\":\"Organization\",\"@id\":\"https:\/\/teatrela.escenaglobal.net\/#organization\",\"name\":\"Teatrela\",\"url\":\"https:\/\/teatrela.escenaglobal.net\/\",\"logo\":{\"@type\":\"ImageObject\",\"inLanguage\":\"es\",\"@id\":\"https:\/\/teatrela.escenaglobal.net\/#\/schema\/logo\/image\/\",\"url\":\"https:\/\/teatrela.escenaglobal.net\/wp-content\/uploads\/2021\/07\/Logotipo.png\",\"contentUrl\":\"https:\/\/teatrela.escenaglobal.net\/wp-content\/uploads\/2021\/07\/Logotipo.png\",\"width\":819,\"height\":522,\"caption\":\"Teatrela\"},\"image\":{\"@id\":\"https:\/\/teatrela.escenaglobal.net\/#\/schema\/logo\/image\/\"},\"sameAs\":[\"https:\/\/www.youtube.com\/channel\/UCGGovkqrAIJE67XurL9b2pw\"]},{\"@type\":\"Person\",\"@id\":\"https:\/\/teatrela.escenaglobal.net\/#\/schema\/person\/a4db300524a3221ff022492e2d8c96c5\",\"name\":\"Teatrela\",\"image\":{\"@type\":\"ImageObject\",\"inLanguage\":\"es\",\"@id\":\"https:\/\/teatrela.escenaglobal.net\/#\/schema\/person\/image\/\",\"url\":\"https:\/\/secure.gravatar.com\/avatar\/df67eda26b05da3fb251d9af0c621c83?s=96&d=mm&r=g\",\"contentUrl\":\"https:\/\/secure.gravatar.com\/avatar\/df67eda26b05da3fb251d9af0c621c83?s=96&d=mm&r=g\",\"caption\":\"Teatrela\"},\"sameAs\":[\"http:\/\/teatrela.escenaglobal.net\"]}]}<\/script>\n<!-- \/ Yoast SEO plugin. -->","yoast_head_json":{"title":"La Misa Profana - Teatrela","robots":{"index":"index","follow":"follow","max-snippet":"max-snippet:-1","max-image-preview":"max-image-preview:large","max-video-preview":"max-video-preview:-1"},"canonical":"https:\/\/teatrela.escenaglobal.net\/index.php\/2023\/01\/11\/la-misa-profana\/","og_locale":"es_ES","og_type":"article","og_title":"La Misa Profana - Teatrela","og_description":"En noviembre de 2018, en la sala 1 del CELARG, en la ciudad de Caracas, Venezuela, se estren\u00f3 el espect\u00e1culo teatral \"La Misa Profana\", de Andr\u00e9s Mart\u00ednez, como parte de la programaci\u00f3n del 70\u00b0 aniversario de la Escuela Superior de Artes Esc\u00e9nicas Juana Sujo. Dirigida por Costa Palamides, la pieza es un agresivo reflejo de una violencia que vivimos de manera cotidiana, pero utilizando los m\u00e9ritos del creador.","og_url":"https:\/\/teatrela.escenaglobal.net\/index.php\/2023\/01\/11\/la-misa-profana\/","og_site_name":"Teatrela","article_published_time":"2023-01-11T22:47:26+00:00","article_modified_time":"2023-01-12T01:59:20+00:00","og_image":[{"width":900,"height":675,"url":"http:\/\/teatrela.escenaglobal.net\/wp-content\/uploads\/2023\/01\/La-Misa-Profana-Destacada.jpg","type":"image\/jpeg"}],"author":"Teatrela","twitter_card":"summary_large_image","twitter_misc":{"Escrito por":"Teatrela","Tiempo de lectura":"10 minutos"},"schema":{"@context":"https:\/\/schema.org","@graph":[{"@type":"Article","@id":"https:\/\/teatrela.escenaglobal.net\/index.php\/2023\/01\/11\/la-misa-profana\/#article","isPartOf":{"@id":"https:\/\/teatrela.escenaglobal.net\/index.php\/2023\/01\/11\/la-misa-profana\/"},"author":{"name":"Teatrela","@id":"https:\/\/teatrela.escenaglobal.net\/#\/schema\/person\/a4db300524a3221ff022492e2d8c96c5"},"headline":"La Misa Profana","datePublished":"2023-01-11T22:47:26+00:00","dateModified":"2023-01-12T01:59:20+00:00","mainEntityOfPage":{"@id":"https:\/\/teatrela.escenaglobal.net\/index.php\/2023\/01\/11\/la-misa-profana\/"},"wordCount":524,"publisher":{"@id":"https:\/\/teatrela.escenaglobal.net\/#organization"},"keywords":["La Misa Profana"],"articleSection":["Montajes"],"inLanguage":"es"},{"@type":"WebPage","@id":"https:\/\/teatrela.escenaglobal.net\/index.php\/2023\/01\/11\/la-misa-profana\/","url":"https:\/\/teatrela.escenaglobal.net\/index.php\/2023\/01\/11\/la-misa-profana\/","name":"La Misa Profana - Teatrela","isPartOf":{"@id":"https:\/\/teatrela.escenaglobal.net\/#website"},"datePublished":"2023-01-11T22:47:26+00:00","dateModified":"2023-01-12T01:59:20+00:00","breadcrumb":{"@id":"https:\/\/teatrela.escenaglobal.net\/index.php\/2023\/01\/11\/la-misa-profana\/#breadcrumb"},"inLanguage":"es","potentialAction":[{"@type":"ReadAction","target":["https:\/\/teatrela.escenaglobal.net\/index.php\/2023\/01\/11\/la-misa-profana\/"]}]},{"@type":"BreadcrumbList","@id":"https:\/\/teatrela.escenaglobal.net\/index.php\/2023\/01\/11\/la-misa-profana\/#breadcrumb","itemListElement":[{"@type":"ListItem","position":1,"name":"Portada","item":"https:\/\/teatrela.escenaglobal.net\/"},{"@type":"ListItem","position":2,"name":"La Misa Profana"}]},{"@type":"WebSite","@id":"https:\/\/teatrela.escenaglobal.net\/#website","url":"https:\/\/teatrela.escenaglobal.net\/","name":"Teatrela","description":"Teatro de Repertorio Latinoamericano","publisher":{"@id":"https:\/\/teatrela.escenaglobal.net\/#organization"},"potentialAction":[{"@type":"SearchAction","target":{"@type":"EntryPoint","urlTemplate":"https:\/\/teatrela.escenaglobal.net\/?s={search_term_string}"},"query-input":"required name=search_term_string"}],"inLanguage":"es"},{"@type":"Organization","@id":"https:\/\/teatrela.escenaglobal.net\/#organization","name":"Teatrela","url":"https:\/\/teatrela.escenaglobal.net\/","logo":{"@type":"ImageObject","inLanguage":"es","@id":"https:\/\/teatrela.escenaglobal.net\/#\/schema\/logo\/image\/","url":"https:\/\/teatrela.escenaglobal.net\/wp-content\/uploads\/2021\/07\/Logotipo.png","contentUrl":"https:\/\/teatrela.escenaglobal.net\/wp-content\/uploads\/2021\/07\/Logotipo.png","width":819,"height":522,"caption":"Teatrela"},"image":{"@id":"https:\/\/teatrela.escenaglobal.net\/#\/schema\/logo\/image\/"},"sameAs":["https:\/\/www.youtube.com\/channel\/UCGGovkqrAIJE67XurL9b2pw"]},{"@type":"Person","@id":"https:\/\/teatrela.escenaglobal.net\/#\/schema\/person\/a4db300524a3221ff022492e2d8c96c5","name":"Teatrela","image":{"@type":"ImageObject","inLanguage":"es","@id":"https:\/\/teatrela.escenaglobal.net\/#\/schema\/person\/image\/","url":"https:\/\/secure.gravatar.com\/avatar\/df67eda26b05da3fb251d9af0c621c83?s=96&d=mm&r=g","contentUrl":"https:\/\/secure.gravatar.com\/avatar\/df67eda26b05da3fb251d9af0c621c83?s=96&d=mm&r=g","caption":"Teatrela"},"sameAs":["http:\/\/teatrela.escenaglobal.net"]}]}},"_links":{"self":[{"href":"https:\/\/teatrela.escenaglobal.net\/index.php\/wp-json\/wp\/v2\/posts\/140633"}],"collection":[{"href":"https:\/\/teatrela.escenaglobal.net\/index.php\/wp-json\/wp\/v2\/posts"}],"about":[{"href":"https:\/\/teatrela.escenaglobal.net\/index.php\/wp-json\/wp\/v2\/types\/post"}],"author":[{"embeddable":true,"href":"https:\/\/teatrela.escenaglobal.net\/index.php\/wp-json\/wp\/v2\/users\/2"}],"replies":[{"embeddable":true,"href":"https:\/\/teatrela.escenaglobal.net\/index.php\/wp-json\/wp\/v2\/comments?post=140633"}],"version-history":[{"count":40,"href":"https:\/\/teatrela.escenaglobal.net\/index.php\/wp-json\/wp\/v2\/posts\/140633\/revisions"}],"predecessor-version":[{"id":140681,"href":"https:\/\/teatrela.escenaglobal.net\/index.php\/wp-json\/wp\/v2\/posts\/140633\/revisions\/140681"}],"wp:featuredmedia":[{"embeddable":true,"href":"https:\/\/teatrela.escenaglobal.net\/index.php\/wp-json\/wp\/v2\/media\/140675"}],"wp:attachment":[{"href":"https:\/\/teatrela.escenaglobal.net\/index.php\/wp-json\/wp\/v2\/media?parent=140633"}],"wp:term":[{"taxonomy":"category","embeddable":true,"href":"https:\/\/teatrela.escenaglobal.net\/index.php\/wp-json\/wp\/v2\/categories?post=140633"},{"taxonomy":"post_tag","embeddable":true,"href":"https:\/\/teatrela.escenaglobal.net\/index.php\/wp-json\/wp\/v2\/tags?post=140633"}],"curies":[{"name":"wp","href":"https:\/\/api.w.org\/{rel}","templated":true}]}}